{"id":2574,"date":"2015-11-09T14:36:48","date_gmt":"2015-11-09T14:36:48","guid":{"rendered":""},"modified":"2026-03-11T09:12:08","modified_gmt":"2026-03-11T14:12:08","slug":"cusco-semana-pastoral-de-diakonoa","status":"publish","type":"post","link":"https:\/\/ceas.org.pe\/index.php\/2015\/11\/09\/cusco-semana-pastoral-de-diakonoa\/","title":{"rendered":"Cusco: Semana Pastoral de Diakon\u00f3a"},"content":{"rendered":"<p>La Vicar\u00eda Episcopal para la Pastoral y las comisiones arquidiocesanas de la Pastoral de servicio, vienen ultimando detalles en la organizaci\u00f3n de la Semana Pastoral de Diakon\u00eda en la Arquidi\u00f3cesis del Cusco; evento que tiene como objetivo darle a la Iglesia el rostro de Iglesia samaritana, preparando a todos para estar siempre al servicio de los pobres e integrar una Iglesia en salida misionera, que va en b\u00fasqueda de los m\u00e1s necesitados.<\/p>\n<div>\u00a0<\/div>\n<div>Las comisiones arquidiocesanas de servicio, son: Pastoral de Salud, Pastoral Carcelaria, C\u00e1ritas Cusco, CEAFAMILIA y Campa\u00f1a Compartir, quienes vienen realizando reuniones de coordinaci\u00f3n, para lograr el mismo \u00e9xito de las otras semanas de pastoral realizadas en la Arquidi\u00f3cesis, como fueron de Koinonia (15 al 17 de julio) y de Kerigma (16 al 18 de setiembre). La Semana Pastoral de Diakon\u00eda, se realizar\u00e1 del 11 al 13 de noviembre, de 8:30 a.m. a 6:00 p.m., en el auditorio del Colegio Santa Ana. El evento est\u00e1 dirigido a sacerdotes, consagrados, consagradas y fieles de toda la Arquidi\u00f3cesis.\u00a0<\/div>\n<p><a href=\"http:\/\/web.hilo.org.pe\/wp-content\/uploads\/Semanapastoral.jpg\" target=\"_blank\" rel=\"noopener\">Ver archivo adjunto<\/a><\/p>\n","protected":false},"excerpt":{"rendered":"<p>La Vicar?a Episcopal para la Pastoral y las comisiones arquidiocesanas de la Pastoral de servicio, vienen ultimando detalles en la organizaci?n de la Semana Pastoral de Diakon?a en la Arquidi?cesis del Cusco; evento que tiene como objetivo darle a la Iglesia el rostro de Iglesia samaritana, preparando a todos para estar siempre al servicio de los pobres e integrar una Iglesia en salida misionera, que va en b?squeda de los m?s necesitados.<\/p>\n","protected":false},"author":1,"featured_media":8082,"comment_status":"closed","ping_status":"closed","sticky":false,"template":"","format":"standard","meta":{"footnotes":""},"categories":[9],"tags":[],"class_list":["post-2574","post","type-post","status-publish","format-standard","has-post-thumbnail","hentry","category-noticias"],"_links":{"self":[{"href":"https:\/\/ceas.org.pe\/index.php\/wp-json\/wp\/v2\/posts\/2574","targetHints":{"allow":["GET"]}}],"collection":[{"href":"https:\/\/ceas.org.pe\/index.php\/wp-json\/wp\/v2\/posts"}],"about":[{"href":"https:\/\/ceas.org.pe\/index.php\/wp-json\/wp\/v2\/types\/post"}],"author":[{"embeddable":true,"href":"https:\/\/ceas.org.pe\/index.php\/wp-json\/wp\/v2\/users\/1"}],"replies":[{"embeddable":true,"href":"https:\/\/ceas.org.pe\/index.php\/wp-json\/wp\/v2\/comments?post=2574"}],"version-history":[{"count":1,"href":"https:\/\/ceas.org.pe\/index.php\/wp-json\/wp\/v2\/posts\/2574\/revisions"}],"predecessor-version":[{"id":6644,"href":"https:\/\/ceas.org.pe\/index.php\/wp-json\/wp\/v2\/posts\/2574\/revisions\/6644"}],"wp:featuredmedia":[{"embeddable":true,"href":"https:\/\/ceas.org.pe\/index.php\/wp-json\/wp\/v2\/media\/8082"}],"wp:attachment":[{"href":"https:\/\/ceas.org.pe\/index.php\/wp-json\/wp\/v2\/media?parent=2574"}],"wp:term":[{"taxonomy":"category","embeddable":true,"href":"https:\/\/ceas.org.pe\/index.php\/wp-json\/wp\/v2\/categories?post=2574"},{"taxonomy":"post_tag","embeddable":true,"href":"https:\/\/ceas.org.pe\/index.php\/wp-json\/wp\/v2\/tags?post=2574"}],"curies":[{"name":"wp","href":"https:\/\/api.w.org\/{rel}","templated":true}]}}