{"id":2568,"date":"2015-11-03T18:06:59","date_gmt":"2015-11-03T18:06:59","guid":{"rendered":""},"modified":"2026-03-11T09:12:09","modified_gmt":"2026-03-11T14:12:09","slug":"presentaron-programa-de-beatificacion-de-los-mortires-de-chimbote-en-el-congreso-de-la-repoblica","status":"publish","type":"post","link":"https:\/\/ceas.org.pe\/index.php\/2015\/11\/03\/presentaron-programa-de-beatificacion-de-los-mortires-de-chimbote-en-el-congreso-de-la-repoblica\/","title":{"rendered":"Presentar\u00f3n programa de beatificaci\u00f3n de los m\u00f3rtires de Chimbote en el Congreso de la Rep\u00f3blica"},"content":{"rendered":"<div>La Di\u00f3cesis de Chimbote en coordinaci\u00f3n con el despacho del congresista ancashino Modesto Julca, realizar\u00e1 el lanzamiento del programa de la ceremonia de beatificaci\u00f3n de los m\u00e1rtires Miguel, Zbigniew y Sandro, el mi\u00e9rcoles 4 de noviembre a las 9 a.m. en el auditorio \u201cAlberto Andrade Carmona\u201d en el l Congreso de la Rep\u00fablica en Lima.<\/div>\n<div>\u00a0<\/div>\n<div>En la conferencia de lanzamiento del programa de beatificaci\u00f3n participar\u00e1n el Arzobispo de Ayacucho y Presidente de la Conferencia Episcopal Peruana, Mons. Salvador Pi\u00f1eiro Garc\u00eda Calder\u00f3n; el Obispo Em\u00e9rito de la Di\u00f3cesis de Chimbote, Mons. Luis Bambaren Gastalumendi, el presidente de la Comisi\u00f3n Central de Beatificaci\u00f3n, padre Juan Roger Rodr\u00edguez Ru\u00edz; el miembro de la Operaci\u00f3n Mato Grosso, padre Ugo De Censi Scaratoni; el franciscano conventual difusor de la Beatificaci\u00f3n de los M\u00e1rtires, padre Jaroslaw Wysoczanski; y los frailes Dar\u00edo Mazurek y Jacinto Lisowski.<\/div>\n<div>\u00a0<\/div>\n<div><strong>Aqu\u00ed el programa:<\/strong><\/div>\n<div>\u00a0<\/div>\n<div>\u00a0<\/div>\n<div><strong>9:00 a.m. \u00a0<\/strong> \u00a0 \u00a0 \u00a0 Himno Nacional<\/div>\n<div>\u00a0<\/div>\n<div>Palabras de Bienvenida por el Congresista Modesto Julca Jara<\/div>\n<div>\u00a0<\/div>\n<div>\u00a0<\/div>\n<div><strong>9:15 a.m. \u00a0 \u00a0<\/strong> \u00a0 \u00a0 Palabras del Mons. Salvador Pi\u00f1eiro Garc\u00eda Calder\u00f3n &#8211; Presidente de la Conferencia Episcopal Peruana.<\/div>\n<div>\u00a0<\/div>\n<div>\u00a0<\/div>\n<div><strong>9:30 a.m. \u00a0 <\/strong>\u00a0 \u00a0 \u00a0 Exposici\u00f3n sobre los Primeros M\u00e1rtires del Per\u00fa &#8211; Padre Juan Roger Rodr\u00edguez Ru\u00edz<\/div>\n<div>\u00a0<\/div>\n<div>\u00a0<\/div>\n<div><strong>9:45 a.m. \u00a0 <\/strong>\u00a0 \u00a0 \u00a0 Presentaci\u00f3n de un audio y video sobre la vida de los m\u00e1rtires<\/div>\n<div>\u00a0<\/div>\n<div>\u00a0<\/div>\n<div><strong>10:00 a.m. \u00a0<\/strong> \u00a0 \u00a0 Monse\u00f1or Luis Bambaren &#8211; Obispo Em\u00e9rito de la Di\u00f3cesis de Chimbote<\/div>\n<div>\u00a0<\/div>\n<div>\u00a0<\/div>\n<div><strong>10:15 a.m. \u00a0<\/strong> \u00a0 \u00a0 Participaci\u00f3n de fray Dar\u00edo Mazurek sobre el significado del martirio.<\/div>\n<div>\u00a0<\/div>\n<div>\u00a0<\/div>\n<div><strong>10:30 a.m. \u00a0 \u00a0<\/strong> \u00a0 Padre Ugo De Censi Scaratoni &#8211; Operaci\u00f3n Mato Grosso<\/div>\n<div>\u00a0<\/div>\n<div>\u00a0<\/div>\n<div><strong>10:45 am. \u00a0 <\/strong>\u00a0 \u00a0 \u00a0Padre Jaroslaw Wysiczanski &#8211; Difusor de la Beatificaci\u00f3n de los M\u00e1rtires Miguel, Zbigniew y Alesandro<\/div>\n<div>\u00a0<\/div>\n<div>\u00a0<\/div>\n<div><strong>11:00 a. m. \u00a0<\/strong> \u00a0 \u00a0Participaci\u00f3n de Fray Jacinto Lisowski sobre el programa de beatificaci\u00f3n<\/div>\n<div>\u00a0<\/div>\n<div>\u00a0<\/div>\n<div><strong>11.15 a. m \u00a0<\/strong> \u00a0 \u00a0 Clausura<\/div>\n<p><a href=\"http:\/\/web.hilo.org.pe\/wp-content\/uploads\/afiche congreso.jpg\" target=\"_blank\" rel=\"noopener\">Ver archivo adjunto<\/a><\/p>\n","protected":false},"excerpt":{"rendered":"<p>La Di?cesis de Chimbote en coordinaci?n con el despacho del congresista ancashino Modesto Julca, realizar? el lanzamiento del programa de la ceremonia de beatificaci?n de los m?rtires Miguel, Zbigniew y Sandro, el mi?rcoles 4 de noviembre a las 9 a.m. en el auditorio ?Alberto Andrade Carmona? en el l Congreso de la Rep?blica en Lima.<\/p>\n","protected":false},"author":1,"featured_media":7883,"comment_status":"closed","ping_status":"closed","sticky":false,"template":"","format":"standard","meta":{"footnotes":""},"categories":[9],"tags":[],"class_list":["post-2568","post","type-post","status-publish","format-standard","has-post-thumbnail","hentry","category-noticias"],"_links":{"self":[{"href":"https:\/\/ceas.org.pe\/index.php\/wp-json\/wp\/v2\/posts\/2568","targetHints":{"allow":["GET"]}}],"collection":[{"href":"https:\/\/ceas.org.pe\/index.php\/wp-json\/wp\/v2\/posts"}],"about":[{"href":"https:\/\/ceas.org.pe\/index.php\/wp-json\/wp\/v2\/types\/post"}],"author":[{"embeddable":true,"href":"https:\/\/ceas.org.pe\/index.php\/wp-json\/wp\/v2\/users\/1"}],"replies":[{"embeddable":true,"href":"https:\/\/ceas.org.pe\/index.php\/wp-json\/wp\/v2\/comments?post=2568"}],"version-history":[{"count":1,"href":"https:\/\/ceas.org.pe\/index.php\/wp-json\/wp\/v2\/posts\/2568\/revisions"}],"predecessor-version":[{"id":6650,"href":"https:\/\/ceas.org.pe\/index.php\/wp-json\/wp\/v2\/posts\/2568\/revisions\/6650"}],"wp:featuredmedia":[{"embeddable":true,"href":"https:\/\/ceas.org.pe\/index.php\/wp-json\/wp\/v2\/media\/7883"}],"wp:attachment":[{"href":"https:\/\/ceas.org.pe\/index.php\/wp-json\/wp\/v2\/media?parent=2568"}],"wp:term":[{"taxonomy":"category","embeddable":true,"href":"https:\/\/ceas.org.pe\/index.php\/wp-json\/wp\/v2\/categories?post=2568"},{"taxonomy":"post_tag","embeddable":true,"href":"https:\/\/ceas.org.pe\/index.php\/wp-json\/wp\/v2\/tags?post=2568"}],"curies":[{"name":"wp","href":"https:\/\/api.w.org\/{rel}","templated":true}]}}