{"id":2567,"date":"2015-11-03T15:05:26","date_gmt":"2015-11-03T15:05:26","guid":{"rendered":""},"modified":"2026-03-11T09:12:09","modified_gmt":"2026-03-11T14:12:09","slug":"congreso-nacional-misionero-se-realizaro-en-trujillo","status":"publish","type":"post","link":"https:\/\/ceas.org.pe\/index.php\/2015\/11\/03\/congreso-nacional-misionero-se-realizaro-en-trujillo\/","title":{"rendered":"Congreso Nacional Misionero se realizar\u00f3 en Trujillo"},"content":{"rendered":"<p>La Arquidi\u00f3cesis de Trujillo, la Comisi\u00f3n Episcopal de Misiones y la Direcci\u00f3n Nacional de las Obras Misionales Pontificias est\u00e1n organizando el Tercer Congreso Nacional Misionero, con el tema: Con Cristo, anunciamos la alegr\u00eda del Evangelio\u00bb.<\/p>\n<div>\u00a0<\/div>\n<div>Este evento se realizar\u00e1 con ponentes internacionales del 5 al 8 de noviembre del presente a\u00f1o, en el coliseo del Colegio Claretiano.<\/div>\n<div>\u00a0<\/div>\n<div>Este evento estar\u00e1 siendo presidido por la imagen de la Inmaculada Virgen de la Puerta de Moche, la Cruz Peregrina de los j\u00f3venes y una r\u00e9plica de la Virgen Candelaria del Socorro de Huanchaco.<\/div>\n<div>\u00a0<\/div>\n<div>Previamente al congreso, se realizar\u00e1 la marcha motivadora el d\u00eda jueves 5 a las 8:00 de la ma\u00f1ana por las calles del centro de la ciudad. Este recorrido estar\u00e1 dirigido por la Oficina Diocesana de Educaci\u00f3n Cat\u00f3lica (ODEC) y la Pastoral Juvenil Arquidiocesana, donde participar\u00e1n las diferentes instituciones educativas.<\/div>\n<div>\u00a0<\/div>\n<div>\u201cQueremos ofrecer una revitalizaci\u00f3n de la Misi\u00f3n de la Iglesia en el Per\u00fa con un congreso nacional, a donde llegar\u00e1n muchos hermanos laicos de todas las Jurisdicciones Eclesi\u00e1sticas, para continuar con su compromiso como Iglesia\u201d, expres\u00f3 el vicario general, R.P. Hip\u00f3lito Purizaca, en conferencia de prensa.<\/div>\n<div>\u00a0<\/div>\n<div>El \u00a06 de noviembre el congreso se iniciar\u00e1 en el coliseo del colegio Claretiano con la Misa de Apertura a las 10 de la ma\u00f1ana, presidida por nuestro Arzobispo, monse\u00f1or H\u00e9ctor Miguel Cabrejos Vidarte OFM.<\/div>\n<div>\u00a0<\/div>\n<div>Posteriormente, se realizar\u00e1n las ponencias con diversos temas y otras activamente programadas durante estos d\u00edas.<\/div>\n<div>\u00a0<\/div>\n<div>Esta jornada terminar\u00e1 el d\u00eda domingo 8 de noviembre a las 11:00 am con la Misa de Clausura y Env\u00edo de los Misioneros, que han participado de este encuentro nacional.<\/div>\n<div>Ponentes:<\/div>\n<div>\u00a0<\/div>\n<div>La mesa de honor que ofrecer\u00e1n las conferencias magistrales son: mons. Gerardo Zerd\u00edn (Croacia), el R.P. John Lydon (Canad\u00e1), el R.P. Jos\u00e9 Luis Villacorta (Espa\u00f1a), asimismo, el R.P. Francisco Javier Ramos Fausto (M\u00e9xico) y el hermano Osvaldo Cuadro Moreno \u00a0(Fundaci\u00f3n Homini).\u00a0<\/div>\n<div>\u00a0<\/div>\n<div>Cabe se\u00f1alar que las inscripciones se vienen realizando en la Oficina de \u00a0Obras Misionales Pontificias (OMP), ubicada en la parroquia San Lorenzo de Trujillo, en la Vicaria de Pastoral del Arzobispado y en sus parroquias.\u00a0<\/div>\n<div>\u00a0<\/div>\n<div>Fuente: www.trujilloenlinea.pe\u00a0<\/div>\n<p><a href=\"http:\/\/web.hilo.org.pe\/wp-content\/uploads\/20151103_Congreso nacional misionerook.jpg\" target=\"_blank\" rel=\"noopener\">Ver archivo adjunto<\/a><\/p>\n","protected":false},"excerpt":{"rendered":"<p>\u00a0La Arquidi\u00f3cesis de Trujillo, la Comisi\u00f3n Episcopal de Misiones y la Direcci\u00f3n Nacional de las Obras Misionales Pontificias est\u00e1n organizando el Tercer Congreso Nacional Misionero, con el tema: Con Cristo, anunciamos la alegr\u00eda del Evangelio\u00bb.<\/p>\n","protected":false},"author":1,"featured_media":7883,"comment_status":"closed","ping_status":"closed","sticky":false,"template":"","format":"standard","meta":{"footnotes":""},"categories":[9],"tags":[],"class_list":["post-2567","post","type-post","status-publish","format-standard","has-post-thumbnail","hentry","category-noticias"],"_links":{"self":[{"href":"https:\/\/ceas.org.pe\/index.php\/wp-json\/wp\/v2\/posts\/2567","targetHints":{"allow":["GET"]}}],"collection":[{"href":"https:\/\/ceas.org.pe\/index.php\/wp-json\/wp\/v2\/posts"}],"about":[{"href":"https:\/\/ceas.org.pe\/index.php\/wp-json\/wp\/v2\/types\/post"}],"author":[{"embeddable":true,"href":"https:\/\/ceas.org.pe\/index.php\/wp-json\/wp\/v2\/users\/1"}],"replies":[{"embeddable":true,"href":"https:\/\/ceas.org.pe\/index.php\/wp-json\/wp\/v2\/comments?post=2567"}],"version-history":[{"count":1,"href":"https:\/\/ceas.org.pe\/index.php\/wp-json\/wp\/v2\/posts\/2567\/revisions"}],"predecessor-version":[{"id":6651,"href":"https:\/\/ceas.org.pe\/index.php\/wp-json\/wp\/v2\/posts\/2567\/revisions\/6651"}],"wp:featuredmedia":[{"embeddable":true,"href":"https:\/\/ceas.org.pe\/index.php\/wp-json\/wp\/v2\/media\/7883"}],"wp:attachment":[{"href":"https:\/\/ceas.org.pe\/index.php\/wp-json\/wp\/v2\/media?parent=2567"}],"wp:term":[{"taxonomy":"category","embeddable":true,"href":"https:\/\/ceas.org.pe\/index.php\/wp-json\/wp\/v2\/categories?post=2567"},{"taxonomy":"post_tag","embeddable":true,"href":"https:\/\/ceas.org.pe\/index.php\/wp-json\/wp\/v2\/tags?post=2567"}],"curies":[{"name":"wp","href":"https:\/\/api.w.org\/{rel}","templated":true}]}}