{"id":2566,"date":"2015-11-02T14:41:51","date_gmt":"2015-11-02T14:41:51","guid":{"rendered":""},"modified":"2026-03-11T09:12:09","modified_gmt":"2026-03-11T14:12:09","slug":"comunicado-de-la-conferencia-episcopal-peruana-sobre-caso-sodalitium-christianae-vitae","status":"publish","type":"post","link":"https:\/\/ceas.org.pe\/index.php\/2015\/11\/02\/comunicado-de-la-conferencia-episcopal-peruana-sobre-caso-sodalitium-christianae-vitae\/","title":{"rendered":"Comunicado de la Conferencia Episcopal Peruana sobre caso Sodalitium Christianae Vitae"},"content":{"rendered":"<p>Ante las denuncias p\u00fablicas de graves e inmorales actos de abuso sexual y psicol\u00f3gico contra personas inocentes, varios de ellos menores de edad, cometidos por algunos miembros del Sodalitium Christianae Vitae, y de manera particular por su fundador, el Se\u00f1or Luis Fernando Figari, expresamos en nuestra condici\u00f3n de Pastores de la Iglesia, lo siguiente:<\/p>\n<div>\u00a0<\/div>\n<div>\u00a0<\/div>\n<div>1. Compartimos la indignaci\u00f3n y el estupor ante estos hechos que jam\u00e1s debieron suceder.<\/div>\n<div>\u00a0<\/div>\n<div>2. \u00a0Rechazamos cualquier forma de abuso y maltrato, haciendo nuestra la expresi\u00f3n del Papa Francisco: \u201cno hay lugar en el ministerio de la Iglesia para aquellos que cometen estos abusos, y me comprometo a no tolerar el da\u00f1o infligido a un menor por parte de nadie\u201d (Homil\u00eda, 07 de Julio del 2014).<\/div>\n<div>\u00a0<\/div>\n<div>3. \u00a0El abuso sexual es un execrable crimen que ofende gravemente a la v\u00edctima, a la sociedad, a la Iglesia y a Dios mismo; a\u00fan m\u00e1s si se comete violando la inocencia y la confianza de menores, de j\u00f3venes y de sus familias. Por eso, la sociedad y la Iglesia lo deben combatir con todos los medios, tanto en el \u00e1mbito civil como en el eclesi\u00e1stico.<\/div>\n<div>\u00a0<\/div>\n<div>4. \u00a0La Iglesia ha manifestado con firmeza que, \u201csin perjuicio del foro interno o sacramental, siempre se siguen las prescripciones de las leyes civiles en lo referente a remitir los delitos a las leg\u00edtimas autoridades. Naturalmente, esta colaboraci\u00f3n no se refiere s\u00f3lo a los casos de abuso sexual cometido por cl\u00e9rigos, sino tambi\u00e9n a aquellos casos de abuso en los que estuviera implicado el personal religioso o laico que coopera en las estructuras eclesi\u00e1sticas\u201d (Carta Circular de la Congregaci\u00f3n \u00a0para la Doctrina de la Fe, 03 de mayo de 2011).<\/div>\n<div>\u00a0<\/div>\n<div>5. \u00a0Exigimos a los responsables de las instituciones eclesiales que estos repudiables actos no se oculten y sean denunciados oportunamente.<\/div>\n<div>\u00a0<\/div>\n<div>6. \u00a0Como Pastores de la Iglesia estamos dispuestos a acoger, escuchar y acompa\u00f1ar a las v\u00edctimas de estos lamentables abusos.<\/div>\n<div>\u00a0<\/div>\n<div>7. \u00a0Renovamos nuestro compromiso irrenunciable de proteger y defender la vida y la inocencia de los ni\u00f1os, \u201cporque de los que son como ellos es el Reino de los Cielos\u201d (Mt 19,14). Los ni\u00f1os y los j\u00f3venes son el tesoro de nuestras familias, de la sociedad y de la Iglesia<\/div>\n<div>\u00a0<\/div>\n<div>\u00a0<\/div>\n<div>Lima, 02 de Noviembre del 2015<\/div>\n<div>\u00a0<\/div>\n<div>\u00a0<\/div>\n<div>La Presidencia de la Conferencia Episcopal Peruana<\/div>\n<div>\u00a0<\/div>\n<div>\u00a0<\/div>\n<p>\u00a0<\/p>\n<p><a href=\"http:\/\/web.hilo.org.pe\/wp-content\/uploads\/conferencia episcopal peruana.jpg\" target=\"_blank\" rel=\"noopener\">Ver archivo adjunto<\/a><\/p>\n","protected":false},"excerpt":{"rendered":"<p>\u00a0Ante las denuncias p\u00fablicas de graves e inmorales actos de abuso sexual y psicol\u00f3gico contra personas inocentes, varios de ellos menores de edad, cometidos por algunos miembros del Sodalitium Christianae Vitae, y de manera particular por su fundador, el Se\u00f1or Luis Fernando Figari, expresamos en nuestra condici\u00f3n de Pastores de la Iglesia, lo siguiente:<\/p>\n","protected":false},"author":1,"featured_media":5502,"comment_status":"closed","ping_status":"closed","sticky":false,"template":"","format":"standard","meta":{"footnotes":""},"categories":[9],"tags":[],"class_list":["post-2566","post","type-post","status-publish","format-standard","has-post-thumbnail","hentry","category-noticias"],"_links":{"self":[{"href":"https:\/\/ceas.org.pe\/index.php\/wp-json\/wp\/v2\/posts\/2566","targetHints":{"allow":["GET"]}}],"collection":[{"href":"https:\/\/ceas.org.pe\/index.php\/wp-json\/wp\/v2\/posts"}],"about":[{"href":"https:\/\/ceas.org.pe\/index.php\/wp-json\/wp\/v2\/types\/post"}],"author":[{"embeddable":true,"href":"https:\/\/ceas.org.pe\/index.php\/wp-json\/wp\/v2\/users\/1"}],"replies":[{"embeddable":true,"href":"https:\/\/ceas.org.pe\/index.php\/wp-json\/wp\/v2\/comments?post=2566"}],"version-history":[{"count":1,"href":"https:\/\/ceas.org.pe\/index.php\/wp-json\/wp\/v2\/posts\/2566\/revisions"}],"predecessor-version":[{"id":6652,"href":"https:\/\/ceas.org.pe\/index.php\/wp-json\/wp\/v2\/posts\/2566\/revisions\/6652"}],"wp:featuredmedia":[{"embeddable":true,"href":"https:\/\/ceas.org.pe\/index.php\/wp-json\/wp\/v2\/media\/5502"}],"wp:attachment":[{"href":"https:\/\/ceas.org.pe\/index.php\/wp-json\/wp\/v2\/media?parent=2566"}],"wp:term":[{"taxonomy":"category","embeddable":true,"href":"https:\/\/ceas.org.pe\/index.php\/wp-json\/wp\/v2\/categories?post=2566"},{"taxonomy":"post_tag","embeddable":true,"href":"https:\/\/ceas.org.pe\/index.php\/wp-json\/wp\/v2\/tags?post=2566"}],"curies":[{"name":"wp","href":"https:\/\/api.w.org\/{rel}","templated":true}]}}