{"id":2565,"date":"2015-11-02T12:56:22","date_gmt":"2015-11-02T12:56:22","guid":{"rendered":""},"modified":"2026-03-11T09:12:09","modified_gmt":"2026-03-11T14:12:09","slug":"informe-sobre-la-salud-mental-en-el-pero","status":"publish","type":"post","link":"https:\/\/ceas.org.pe\/index.php\/2015\/11\/02\/informe-sobre-la-salud-mental-en-el-pero\/","title":{"rendered":"Informe sobre la salud mental en el Per\u00f3"},"content":{"rendered":"<p>En el Per\u00fa actual la gran mayor\u00eda se atiende en el servicio p\u00fablico de salud pero ocurre algo incre\u00edble: el MINSA no tiene informaci\u00f3n consistente y organizada sobre la salud mental del pa\u00eds; es decir, no sabe a ciencia cierta qu\u00e9 nos pasa. \u00bfPor qu\u00e9? Por decisi\u00f3n pol\u00edtica: pese a que el presupuesto para el sector salud viene aumentando, casi nada extra se destina a la salud mental, que se mantiene en el fam\u00e9lico 2-3% de siempre (y es gasto, sobre todo, en los tres hospitales de Lima).<\/p>\n<div>\u00a0<\/div>\n<div><strong>NECESIDAD DE CAMBIOS URGENTES<\/strong><\/div>\n<div>\u00a0<\/div>\n<div>La Defensor\u00eda del Pueblo calcula que se necesitar\u00edan 800 millones de soles y sin embargo reciben 70. Ahora, aunque es verdad \u2013y sep\u00e1moslo\u2013 que el SIS cubre cualquier tratamiento de salud mental, incluso el internamiento si fuera necesario, el esfuerzo es v\u00e1lido pero insuficiente. Pasan los a\u00f1os y no ocurre nada significativo, u ocurre muy poco, que es lo mismo que nada en t\u00e9rminos pr\u00e1cticos. S\u00f3lo veamos: de los 9,000 centros hospitalarios del pa\u00eds, apenas 21 reciben casos de salud mental, y el d\u00e9ficit de especialistas es enorme: 700 psiquiatras y 1500 psic\u00f3logos no se dan abasto. Tenemos a m\u00e1s de 900 mil peruanos que necesitan atenci\u00f3n pero no la reciben, cosa grav\u00edsima porque profundiza y alarga el sufrimiento de la gente, adem\u00e1s del de la familia, que no sabe c\u00f3mo ayudar a su ser querido. Sin voluntad pol\u00edtica para reformar, regular e implementar no se producir\u00e1n cambios. Cambios como, por ejemplo, que a pesar de saber de la existencia de aproximadamente 400 centros de rehabilitaci\u00f3n para usuarios qu\u00edmico-dependientes, s\u00f3lo 47 est\u00e1n formalizados. El resto es informal, o sea, no se sabe qu\u00e9 pasa all\u00e1 adentro, ni con los pacientes, ni qu\u00e9 m\u00e9todo se usa ni qui\u00e9nes son los que atienden. Una imagen terror\u00edfica.<\/div>\n<div><strong><br \/>\n<\/strong><\/div>\n<div><strong>PA\u00cdS EN CONFLICTO VS. MEJOR CALIDAD DE VIDA<\/strong><\/div>\n<div>\u00a0<\/div>\n<div>A la negligencia y desatenci\u00f3n del Estado sum\u00e9mosle que la convivencia en el pa\u00eds no es f\u00e1cil, lo normal es la convulsi\u00f3n y no la apacible calma que se promociona: dictaduras, conflicto armado interno, represi\u00f3n, redes de corrupci\u00f3n, protestas sociales, abusos pol\u00edticos y empresariales, manifestantes muertos, y una nueva clase media tan fr\u00e1gil que s\u00f3lo se considera nueva para efectos medi\u00e1ticos. La gente que vive con muchas cosas en riesgo tiene demasiado que perder; muy temprano para cantar victoria. En un pa\u00eds as\u00ed parece l\u00f3gico que la depresi\u00f3n sea el principal problema de salud mental, y que la ansiedad, el p\u00e1nico, la dependencia, est\u00e9n bien seguiditas. Esto coincide con la experiencia de dolor psicol\u00f3gico, la sensaci\u00f3n de vac\u00edo y de no tener el control de la vida, que tanto se escucha en los consultorios. El suicidio sigue siendo la cuarta causa de muerte violenta en Lima. Algo nos debe decir esta problem\u00e1tica. Quiz\u00e1s que muchos peruanos viven sumergidos en tristezas muy hondas por largo tiempo, sin poder vivir su vida o vivi\u00e9ndola en autom\u00e1tico, angustiados, entrando en p\u00e1nico, sin tener opciones para tratarse y sin saber d\u00f3nde est\u00e1 la ayuda. Que viven pero sin ver c\u00f3mo sanar esas grietas del alma, que sin atenci\u00f3n se abren, que se agravan, algunas resisten, aparecen nuevas, y que a fuerza de permanecer, de no atenderse, terminan venciendo a un pu\u00f1ado de gente, los que finalmente realizar\u00e1n el deseo de salirse de este mundo. Una realidad muy dura y un precio demasiado alto para un pueblo que pelea por m\u00e1s calidad de vida. Esta aparente contradicci\u00f3n puede seguirse en un debate.<\/div>\n<div>\u00a0<\/div>\n<div>Fuente: bartoloopina.bcasas.org.pe<\/div>\n<p><a href=\"http:\/\/web.hilo.org.pe\/wp-content\/uploads\/Saludmental.jpg\" target=\"_blank\" rel=\"noopener\">Ver archivo adjunto<\/a><\/p>\n","protected":false},"excerpt":{"rendered":"<p>En el Per? actual la gran mayor?a se atiende en el servicio p?blico de salud pero ocurre algo incre?ble: el MINSA no tiene informaci?n consistente y organizada sobre la salud mental del pa?s; es decir, no sabe a ciencia cierta qu? nos pasa.<\/p>\n","protected":false},"author":1,"featured_media":0,"comment_status":"closed","ping_status":"closed","sticky":false,"template":"","format":"standard","meta":{"footnotes":""},"categories":[9],"tags":[],"class_list":["post-2565","post","type-post","status-publish","format-standard","hentry","category-noticias"],"_links":{"self":[{"href":"https:\/\/ceas.org.pe\/index.php\/wp-json\/wp\/v2\/posts\/2565","targetHints":{"allow":["GET"]}}],"collection":[{"href":"https:\/\/ceas.org.pe\/index.php\/wp-json\/wp\/v2\/posts"}],"about":[{"href":"https:\/\/ceas.org.pe\/index.php\/wp-json\/wp\/v2\/types\/post"}],"author":[{"embeddable":true,"href":"https:\/\/ceas.org.pe\/index.php\/wp-json\/wp\/v2\/users\/1"}],"replies":[{"embeddable":true,"href":"https:\/\/ceas.org.pe\/index.php\/wp-json\/wp\/v2\/comments?post=2565"}],"version-history":[{"count":1,"href":"https:\/\/ceas.org.pe\/index.php\/wp-json\/wp\/v2\/posts\/2565\/revisions"}],"predecessor-version":[{"id":6653,"href":"https:\/\/ceas.org.pe\/index.php\/wp-json\/wp\/v2\/posts\/2565\/revisions\/6653"}],"wp:attachment":[{"href":"https:\/\/ceas.org.pe\/index.php\/wp-json\/wp\/v2\/media?parent=2565"}],"wp:term":[{"taxonomy":"category","embeddable":true,"href":"https:\/\/ceas.org.pe\/index.php\/wp-json\/wp\/v2\/categories?post=2565"},{"taxonomy":"post_tag","embeddable":true,"href":"https:\/\/ceas.org.pe\/index.php\/wp-json\/wp\/v2\/tags?post=2565"}],"curies":[{"name":"wp","href":"https:\/\/api.w.org\/{rel}","templated":true}]}}