{"id":2564,"date":"2015-11-02T12:53:37","date_gmt":"2015-11-02T12:53:37","guid":{"rendered":""},"modified":"2026-03-11T09:12:09","modified_gmt":"2026-03-11T14:12:09","slug":"intenciones-de-oracion-del-papa-para-noviembre","status":"publish","type":"post","link":"https:\/\/ceas.org.pe\/index.php\/2015\/11\/02\/intenciones-de-oracion-del-papa-para-noviembre\/","title":{"rendered":"Intenciones de oraci\u00f3n del Papa para noviembre"},"content":{"rendered":"<p>(RV).- El director general del Apostolado de la oraci\u00f3n, el padre Frederic Fornos SJ explica a Radio Vaticano las intenciones de oraci\u00f3n del Papa para este mes de noviembre.<\/p>\n<div>\u00a0<\/div>\n<div>\u201cEl Apostolado de la oraci\u00f3n es la red mundial de oraci\u00f3n del Papa, es una misi\u00f3n confiada a la Compa\u00f1\u00eda de Jes\u00fas, cada mes da a conocer los grandes desaf\u00edos de la humanidad y de la misi\u00f3n de la Iglesia que el Papa conf\u00eda a toda la Iglesia\u201d.<\/div>\n<div>\u00a0<\/div>\n<div>\u201cEn el mes de noviembre nos conf\u00eda dos orientaciones para nuestra vida y para la misi\u00f3n de la Iglesia, es decir, para mi parroquia, mi grupo y movimiento eclesial. Una de ellas es sobre el di\u00e1logo, sobre la cultura del encuentro, sobre la capacidad de acogida y de escucha del otro. Por ejemplo, esa insistencia sobre el hecho de poder abrirse a los dem\u00e1s aunque piensen de manera distinta a nosotros\u201d.<\/div>\n<div>\u00a0<\/div>\n<div>\u201cEl Papa ha dicho muchas veces cu\u00e1nto es necesario entrar en el di\u00e1logo, sino crecen los muros, y siempre es m\u00e1s dif\u00edcil la reconciliaci\u00f3n. Entonces este mes nos invita a entrar en este di\u00e1logo y apertura a los dem\u00e1s que solo puede ir con una capacidad de escucha\u201d.<\/div>\n<div>\u00a0<\/div>\n<div>La intenci\u00f3n universal es \u201cpara que nos abramos al encuentro personal y al di\u00e1logo con todos, tambi\u00e9n con quienes piensan distinto de nosotros\u201d.<\/div>\n<div>\u00a0<\/div>\n<div>La intenci\u00f3n para la evangelizaci\u00f3n es \u201cpara que los pastores de la Iglesia con profundo amor por su reba\u00f1o, acompa\u00f1en su camino y animen su esperanza\u201d.<\/div>\n<div>\u00a0<\/div>\n<div>(Mercedes De La Torre \u2013 Radio Vaticano).<\/div>\n<div>\u00a0<\/div>\n<div>Fuente: radiovaticano<\/div>\n<p><a href=\"http:\/\/web.hilo.org.pe\/wp-content\/uploads\/Intencionespapa.jpg\" target=\"_blank\" rel=\"noopener\">Ver archivo adjunto<\/a><\/p>\n","protected":false},"excerpt":{"rendered":"<p>(RV).- El director general del Apostolado de la oraci?n, el padre Frederic Fornos SJ explica a Radio Vaticano las intenciones de oraci?n del Papa para este mes de noviembre.<\/p>\n","protected":false},"author":1,"featured_media":7881,"comment_status":"closed","ping_status":"closed","sticky":false,"template":"","format":"standard","meta":{"footnotes":""},"categories":[9],"tags":[],"class_list":["post-2564","post","type-post","status-publish","format-standard","has-post-thumbnail","hentry","category-noticias"],"_links":{"self":[{"href":"https:\/\/ceas.org.pe\/index.php\/wp-json\/wp\/v2\/posts\/2564","targetHints":{"allow":["GET"]}}],"collection":[{"href":"https:\/\/ceas.org.pe\/index.php\/wp-json\/wp\/v2\/posts"}],"about":[{"href":"https:\/\/ceas.org.pe\/index.php\/wp-json\/wp\/v2\/types\/post"}],"author":[{"embeddable":true,"href":"https:\/\/ceas.org.pe\/index.php\/wp-json\/wp\/v2\/users\/1"}],"replies":[{"embeddable":true,"href":"https:\/\/ceas.org.pe\/index.php\/wp-json\/wp\/v2\/comments?post=2564"}],"version-history":[{"count":1,"href":"https:\/\/ceas.org.pe\/index.php\/wp-json\/wp\/v2\/posts\/2564\/revisions"}],"predecessor-version":[{"id":6654,"href":"https:\/\/ceas.org.pe\/index.php\/wp-json\/wp\/v2\/posts\/2564\/revisions\/6654"}],"wp:featuredmedia":[{"embeddable":true,"href":"https:\/\/ceas.org.pe\/index.php\/wp-json\/wp\/v2\/media\/7881"}],"wp:attachment":[{"href":"https:\/\/ceas.org.pe\/index.php\/wp-json\/wp\/v2\/media?parent=2564"}],"wp:term":[{"taxonomy":"category","embeddable":true,"href":"https:\/\/ceas.org.pe\/index.php\/wp-json\/wp\/v2\/categories?post=2564"},{"taxonomy":"post_tag","embeddable":true,"href":"https:\/\/ceas.org.pe\/index.php\/wp-json\/wp\/v2\/tags?post=2564"}],"curies":[{"name":"wp","href":"https:\/\/api.w.org\/{rel}","templated":true}]}}