{"id":2562,"date":"2015-10-30T13:09:29","date_gmt":"2015-10-30T13:09:29","guid":{"rendered":""},"modified":"2026-03-11T09:12:09","modified_gmt":"2026-03-11T14:12:09","slug":"la-nueva-presidencia-del-celam-visita-los-dicasterios-de-la-santa-sede","status":"publish","type":"post","link":"https:\/\/ceas.org.pe\/index.php\/2015\/10\/30\/la-nueva-presidencia-del-celam-visita-los-dicasterios-de-la-santa-sede\/","title":{"rendered":"La nueva presidencia del CELAM visita los Dicasterios de la Santa Sede"},"content":{"rendered":"<p>La nueva Presidencia del Consejo Episcopal Latinoamericano-CELAM inici\u00f3 el mi\u00e9rcoles 28 de octubre, las visitas a los Dicasterios de la Santa Sede con el fin de presentar el Plan Global 2015-2019. Los miembros de la Presidencia del CELAM que se encuentran en Roma son el Cardenal Rub\u00e9n Salazar G\u00f3mez, Arzobispo de Bogot\u00e1, Presidente de este organismo; Monse\u00f1or Carlos Collazzi, Obispo de Mercedes, Uruguay, Primer Vicepresidente; el Cardenal Jos\u00e9 Luis Lacunza Maestrojuan, Obispo de David, Panam\u00e1, Presidente del Consejo de Asuntos Econ\u00f3micos; Monse\u00f1or Juan Espinoza Jim\u00e9nez, Obispo Auxiliar de Morelia, M\u00e9xico, Secretario General; y el Padre Leonidas Ortiz, de la Di\u00f3cesis de Garz\u00f3n, Colombia, Secretario Adjunto.<\/p>\n<div>\u00a0<\/div>\n<div>Se visitaron los primeros cuatro Dicasterios. En la Congregaci\u00f3n para los Institutos de Vida Consagrada y las Sociedades de Vida Apost\u00f3lica fueron recibidos por el Secretario General, Arzobispo Jos\u00e9 Rodr\u00edguez Carballo, O.F.M., quien particip\u00f3 en la V Conferencia General del Episcopado Latinoamericano celebrada en Aparecida, Brasil, en 2007. Adem\u00e1s de la presentaci\u00f3n del Plan Global del CELAM, se trataron temas relacionados con la formaci\u00f3n de los disc\u00edpulos misioneros, la perseverancia vocacional y la responsabilidad de los obispos en la selecci\u00f3n, formaci\u00f3n y acompa\u00f1amiento de los miembros de las comunidades religiosas.<\/div>\n<div>\u00a0<\/div>\n<div>En el Pontificio Consejo para la Cultura se mantuvo un interesante di\u00e1logo con el Cardenal Gianfranco Ravassi, Presidente; Mons. Carlos Moreira Azevedo (Portugal), Delegado; Monse\u00f1or Barthelemy Adoukonou (Benin), Secretario; Monse\u00f1or Melchor S\u00e1nchez, (Espa\u00f1a), Sub \u2013 Secretario y el Padre Carlos Javier D\u00edaz Vega (M\u00e9xico), Director del Departamento para Am\u00e9rica Latina). Se trataron entre otros temas los siguientes: el di\u00e1logo que se est\u00e1 manteniendo con creyentes y no creyentes en Uruguay, en M\u00e9xico, Argentina y Brasil, dentro del programa del \u201cPatio de los Gentiles\u201d; la relaci\u00f3n con el mundo del deporte, destacando el surgimiento de valores, a fin de luchar contra el racismo, la violencia, el dopaje y la corrupci\u00f3n; las culturas urbanas de las metr\u00f3polis, influenciadas por el secularismo, teniendo en cuenta que cuando la persona entra en la ciudad corre el riesgo de perder su identidad profunda; la preservaci\u00f3n de los Bienes Culturales; la elaboraci\u00f3n de un \u201cDiccionario sobre la Cultura en Am\u00e9rica Latina\u201d, que ya est\u00e1 en marcha; y la incorporaci\u00f3n de la m\u00fasica como un patrimonio art\u00edstico en la liturgia y en la evangelizaci\u00f3n en general, a fin de que no se reduzca a una m\u00fasica banal.<\/div>\n<div>\u00a0<\/div>\n<div>En la Congregaci\u00f3n para la Educaci\u00f3n Cat\u00f3lica, su Prefecto el Cardenal Giuseppe Versaldi y su Secretario, el Arzobispo Angelo Vincenzo Zani, hicieron \u00e9nfasis en rescatar la identidad y la misi\u00f3n de las instituciones educativas cat\u00f3licas, a fin de formar verdaderos disc\u00edpulos misioneros de Jesucristo. Ante el proceso de secularismo que se est\u00e1 viviendo en los pa\u00edses y el avance de sectas de distinto signo, es importante destacar el testimonio cristiano de directivos y profesores, lo mismo que de los alumnos y exalumnos de los centros educativos cat\u00f3licos. La Congregaci\u00f3n sugiere a la Presidencia del CELAM que ofrezca un espacio de encuentro de las Facultades de Teolog\u00eda de las Universidades cat\u00f3licas y de inspiraci\u00f3n cristiana, a fin de fortalecer el estudio, las l\u00edneas de investigaci\u00f3n, el intercambio de profesores y el avance en la calidad de los programas que se ofrezcan desde cada centro de formaci\u00f3n.<\/div>\n<div>\u00a0<\/div>\n<div>En el Pontificio Consejo para la Nueva Evangelizaci\u00f3n, creado por el Papa Benedicto XVI en el a\u00f1o 2010, su Presidente, Mons. Rino Fisichella, Arzobispo titular de Voghenza; el Secretario, Mons. Octavio Ruiz Arenas, Arzobispo em\u00e9rito de Villavicencio, Colombia; y el Oficial para Am\u00e9rica Latina, P. Alejandro D\u00edaz, presentaron un informe sobre los Encuentros con Obispos Presidentes de las Comisiones de Evangelizaci\u00f3n y Catequesis de las Conferencias Episcopales y con los Directores de los Departamentos de Catequesis de los Delegados de la Zona Andina y el Cono Sur entre los d\u00edas 7 y 10 de Septiembre en Lima, Per\u00fa, con el fin de conocer el estado actual de la catequesis, sus logros y dificultades, dialogar sobre algunos aspectos m\u00e1s significativos en este \u00e1mbito y trazar algunas l\u00edneas de acci\u00f3n pastoral de renovaci\u00f3n de la catequesis en la regi\u00f3n. Ya este encuentro se hab\u00eda realizado en diciembre de 2014 en Puebla, M\u00e9xico, con las Conferencias Episcopales de Centroam\u00e9rica, M\u00e9xico y Caribe. De igual manera, se profundiz\u00f3 en el tema de la instituci\u00f3n del \u201cMinisterio del Catequista\u201d, para lo cual se est\u00e1 haciendo un estudio en una comisi\u00f3n compuesta por biblistas y te\u00f3logos reconocidos.<\/div>\n<div>\u00a0<\/div>\n<div>Fuente: celam.org<\/div>\n<p><a href=\"http:\/\/web.hilo.org.pe\/wp-content\/uploads\/Presidencia CELAM.jpg\" target=\"_blank\" rel=\"noopener\">Ver archivo adjunto<\/a><\/p>\n","protected":false},"excerpt":{"rendered":"<p>La nueva Presidencia del Consejo Episcopal Latinoamericano-CELAM inici? el mi?rcoles 28 de octubre, las visitas a los Dicasterios de la Santa Sede con el fin de presentar el Plan Global 2015-2019.<\/p>\n","protected":false},"author":1,"featured_media":7872,"comment_status":"closed","ping_status":"closed","sticky":false,"template":"","format":"standard","meta":{"footnotes":""},"categories":[9],"tags":[],"class_list":["post-2562","post","type-post","status-publish","format-standard","has-post-thumbnail","hentry","category-noticias"],"_links":{"self":[{"href":"https:\/\/ceas.org.pe\/index.php\/wp-json\/wp\/v2\/posts\/2562","targetHints":{"allow":["GET"]}}],"collection":[{"href":"https:\/\/ceas.org.pe\/index.php\/wp-json\/wp\/v2\/posts"}],"about":[{"href":"https:\/\/ceas.org.pe\/index.php\/wp-json\/wp\/v2\/types\/post"}],"author":[{"embeddable":true,"href":"https:\/\/ceas.org.pe\/index.php\/wp-json\/wp\/v2\/users\/1"}],"replies":[{"embeddable":true,"href":"https:\/\/ceas.org.pe\/index.php\/wp-json\/wp\/v2\/comments?post=2562"}],"version-history":[{"count":1,"href":"https:\/\/ceas.org.pe\/index.php\/wp-json\/wp\/v2\/posts\/2562\/revisions"}],"predecessor-version":[{"id":6656,"href":"https:\/\/ceas.org.pe\/index.php\/wp-json\/wp\/v2\/posts\/2562\/revisions\/6656"}],"wp:featuredmedia":[{"embeddable":true,"href":"https:\/\/ceas.org.pe\/index.php\/wp-json\/wp\/v2\/media\/7872"}],"wp:attachment":[{"href":"https:\/\/ceas.org.pe\/index.php\/wp-json\/wp\/v2\/media?parent=2562"}],"wp:term":[{"taxonomy":"category","embeddable":true,"href":"https:\/\/ceas.org.pe\/index.php\/wp-json\/wp\/v2\/categories?post=2562"},{"taxonomy":"post_tag","embeddable":true,"href":"https:\/\/ceas.org.pe\/index.php\/wp-json\/wp\/v2\/tags?post=2562"}],"curies":[{"name":"wp","href":"https:\/\/api.w.org\/{rel}","templated":true}]}}