{"id":2556,"date":"2015-10-27T19:43:03","date_gmt":"2015-10-27T19:43:03","guid":{"rendered":""},"modified":"2026-03-11T09:12:09","modified_gmt":"2026-03-11T14:12:09","slug":"congreso-eucarostico-internacional-sero-en-filipinas","status":"publish","type":"post","link":"https:\/\/ceas.org.pe\/index.php\/2015\/10\/27\/congreso-eucarostico-internacional-sero-en-filipinas\/","title":{"rendered":"Congreso Eucar\u00f3stico Internacional ser\u00f3 en Filipinas"},"content":{"rendered":"<p>Ciudad del Vaticano, (Vis).-Esta ma\u00f1ana en la Oficina de Prensa de la Santa Sede ha tenido lugar la presentaci\u00f3n del 51\u00b0 Congreso Eucar\u00edstico Internacional che se celebrar\u00e1 en Cebu (Filipinas) dal 24 al 31 de enero de 2016 y cuyo tema es &#8216;Cristo in vosotros, esperanza de la gloria&#8217;. Han intervenido el arzobispo de Cebu, mons. Jos\u00e9 S. Palma, el arzobispo Piero Marini, Presidente del Comit\u00e9 para los Congresos Eucarist\u00edcos Internacionales y el Padre Vittore Boccardi, S.S.S., miembro de dicho comit\u00e9.<\/p>\n<p>El arzobispo Palma record\u00f3 la importancia de la elecci\u00f3n de Asia y de Filipinas para la celebraci\u00f3n del Congreso. &#8216;En los \u00faltimos a\u00f1os -dijo- Asia es el continente que se ha convertido en uno de los grandes motores del crecimiento mundial desde el punto de vista econ\u00f3mico y social. Desde el punto de vista religioso, sin embargo, sigue siendo un continente que tiene que ser evangelizado&#8230; donde la Iglesia Cat\u00f3lica es una peque\u00f1a minor\u00eda; a pesar de ser el continente donde Jes\u00fas naci\u00f3, vivi\u00f3, muri\u00f3 y resucit\u00f3. El 51\u00b0 Congreso Eucar\u00edstico, podr\u00eda convertirse en un espejo de la Iglesia asi\u00e1tica en el sentido de que reflejar\u00eda c\u00f3mo la Iglesia Cat\u00f3lica lleva a cabo su tarea de evangelizaci\u00f3n. Al igual que a los anteriores Congresos, asistir\u00e1n representantes de las diversas Iglesias y multitud de peregrinos de todo el mundo&#8217;.<\/p>\n<div>El Congreso contar\u00e1 con la presencia de de 20 cardenales, 50 obispos de otros pa\u00edses y, al menos, 100 Obispos filipinos que se re\u00fanen para la asamblea plenaria de la Conferencia Episcopal en enero de 2016 . Hasta el 21 de octubre de 2015, se hab\u00edan registrado 8.345 peregrinos procedentes de 57 naciones. &#8216;Tambi\u00e9n contamos -dijo mons. Palma- con 5.000 voluntarios y con 600 familias que se han brindado a acoger a los peregrinos&#8217;.<\/div>\n<div>\u00a0<\/div>\n<div>El evento estar\u00e1 divivido en dos partes. En primer lugar un \u00abSimposio Teol\u00f3gico\u00bb (del 20 al 22 enero) y posteriormente el Congreso propiamente dicho (24-31 de enero) Los temas b\u00e1sicos para las reflexiones durante el Simposio Teol\u00f3gico son: \u00bb La virtud cristiana de la esperanza\u00bb; \u00abEucarist\u00eda en el Evangelio de San Juan\u00bb; \u00abLiturgia e Inculturaci\u00f3n\u00bb; \u00abLa Historia del Novus Ordo\u00bb; \u00abEvangelizar el mundo secular\u00bb; y \u00abUn Catecismo de la Eucarist\u00eda dominical\u00bb. Durante el Congreso, los temas ser\u00e1n \u00abCristo nuestra esperanza de gloria\u00bb; \u00abLa esperanza cristiana\u00bb; \u00abLa Eucarist\u00eda como la celebraci\u00f3n del misterio pascual\u00bb; \u00abLa Eucarist\u00eda como Misi\u00f3n\u00bb; \u00abLa misi\u00f3n como di\u00e1logo\u00bb; \u00abLa Eucarist\u00eda y el di\u00e1logo con las culturas\u00bb; \u00abLa Eucarist\u00eda y el di\u00e1logo con los pobres\u00bb; \u00abLa Eucarist\u00eda y el di\u00e1logo con otras religiones\u00bb; y \u00abLa Eucarist\u00eda y Mar\u00eda\u00bb.<\/div>\n<div>\u00a0<\/div>\n<div>Por su parte el arzobispo Marini refiri\u00e9ndose al tema del Congreso afirm\u00f3 que &#8216;el anuncio evang\u00e9lico y la fe en el Se\u00f1or Jes\u00fas profesada por las comunidades cristianas son importantes y necesarios para Asia, pero deben presentarse seg\u00fan la modalidad del di\u00e1logo que ha marcado la actividad de las Iglesias particulares del continente en las \u00faltimas tres d\u00e9cadas. Efectivamente este programa de di\u00e1logo con las culturas, las tradiciones religiosas y con las muchedumbres pobres, de forma completamente natural y evidente, constituye la trama de reflexiones pastorales contenidas en el texto base.<\/div>\n<div>\u00a0<\/div>\n<div>El doxcumento reitera que la Eucarist\u00eda es la fuente y la cumbre de la misi\u00f3n de la Iglesia e identifica el valor a\u00f1adido que ofrece la celebraci\u00f3n de la Eucarist\u00eda para una misi\u00f3n comprometida en hacer crecer esas enzimas del di\u00e1logo, de reconciliaci\u00f3n, de paz y de futuro de las cuales Asia est\u00e1 sedienta.<\/div>\n<div>\u00a0<\/div>\n<div>&#8216;Por lo tanto los Congresos Eucar\u00edsticos, van a Cebu -a\u00f1adi\u00f3 \u2013 para recordar que la misi\u00f3n es un intercambio de dones entre el que anuncia y el que recibe el mensaje evang\u00e9lico. Van a la ciudad que es la cuna del cristianismo en Oriente para dar y recibir, para evangelizar y ser evangelizado, para hablar pero tambi\u00e9n para escuchar. En ese contexto humano que no est\u00e1 relacionado con el laberinto del racionalismo, la celebraci\u00f3n del misterio eucar\u00edstico se mezcla con la experiencia de la pobreza, del dolor y el sufrimiento y contin\u00faa construyendo comunidades deseosas de \u00abcomer el pan del reino de Dios\u00bb.<\/div>\n<div>\u00a0<\/div>\n<div>En conclusi\u00f3n el Padre Boccardi puntualiz\u00f3 que el evento de Cebu, junto con las Jornadas Mundiales de la Juventud, de la Familia, etc &#8230; se convierte en &#8216;un recurso extraordinario para dar testimonio, a trav\u00e9s de su celebraci\u00f3n, de que la Eucarist\u00eda no es s\u00f3lo fuente de vida de la Iglesia, sino tambi\u00e9n el lugar de su proyecci\u00f3n en el mundo. Cada Iglesia particular que celebra la Eucarist\u00eda, en cualquier parte del mundo, est\u00e1 llamada ahora a mostrar la madurez de la entrega a los dem\u00e1s, de la escucha mutua,de la disponibilidad y de la colaboraci\u00f3n concreta para que la comunidad de los fieles se convierta en la casa de Dios y de los hermanos en medio de las casas de las personas. As\u00ed se podr\u00e1 vivir ese &#8216;di\u00e1logo de la vida\u00bb, que es el punto de partida para un testimonio gozoso del Evangelio&#8217;.<\/div>\n<div>\u00a0<\/div>\n<div>Fuente: news.va<\/div>\n<p>\u00a0<\/p>\n<p><a href=\"http:\/\/web.hilo.org.pe\/wp-content\/uploads\/Congresoeucaristico.jpg\" target=\"_blank\" rel=\"noopener\">Ver archivo adjunto<\/a><\/p>\n","protected":false},"excerpt":{"rendered":"<p>Ciudad del Vaticano, (Vis).-Esta ma?ana en la Oficina de Prensa de la Santa Sede ha tenido lugar la presentaci?n del 51? Congreso Eucar?stico Internacional che se celebrar? en Cebu (Filipinas) dal 24 al 31 de enero de 2016 y cuyo tema es \u00bbCristo in vosotros, esperanza de la gloria\u00bb.<\/p>\n","protected":false},"author":1,"featured_media":7883,"comment_status":"closed","ping_status":"closed","sticky":false,"template":"","format":"standard","meta":{"footnotes":""},"categories":[9],"tags":[],"class_list":["post-2556","post","type-post","status-publish","format-standard","has-post-thumbnail","hentry","category-noticias"],"_links":{"self":[{"href":"https:\/\/ceas.org.pe\/index.php\/wp-json\/wp\/v2\/posts\/2556","targetHints":{"allow":["GET"]}}],"collection":[{"href":"https:\/\/ceas.org.pe\/index.php\/wp-json\/wp\/v2\/posts"}],"about":[{"href":"https:\/\/ceas.org.pe\/index.php\/wp-json\/wp\/v2\/types\/post"}],"author":[{"embeddable":true,"href":"https:\/\/ceas.org.pe\/index.php\/wp-json\/wp\/v2\/users\/1"}],"replies":[{"embeddable":true,"href":"https:\/\/ceas.org.pe\/index.php\/wp-json\/wp\/v2\/comments?post=2556"}],"version-history":[{"count":1,"href":"https:\/\/ceas.org.pe\/index.php\/wp-json\/wp\/v2\/posts\/2556\/revisions"}],"predecessor-version":[{"id":6662,"href":"https:\/\/ceas.org.pe\/index.php\/wp-json\/wp\/v2\/posts\/2556\/revisions\/6662"}],"wp:featuredmedia":[{"embeddable":true,"href":"https:\/\/ceas.org.pe\/index.php\/wp-json\/wp\/v2\/media\/7883"}],"wp:attachment":[{"href":"https:\/\/ceas.org.pe\/index.php\/wp-json\/wp\/v2\/media?parent=2556"}],"wp:term":[{"taxonomy":"category","embeddable":true,"href":"https:\/\/ceas.org.pe\/index.php\/wp-json\/wp\/v2\/categories?post=2556"},{"taxonomy":"post_tag","embeddable":true,"href":"https:\/\/ceas.org.pe\/index.php\/wp-json\/wp\/v2\/tags?post=2556"}],"curies":[{"name":"wp","href":"https:\/\/api.w.org\/{rel}","templated":true}]}}