{"id":2553,"date":"2015-10-26T11:11:10","date_gmt":"2015-10-26T11:11:10","guid":{"rendered":""},"modified":"2026-03-11T09:12:09","modified_gmt":"2026-03-11T14:12:09","slug":"encuentro-virtual-de-formacion-sobre-el-compromiso-del-celam-con-la-infancia","status":"publish","type":"post","link":"https:\/\/ceas.org.pe\/index.php\/2015\/10\/26\/encuentro-virtual-de-formacion-sobre-el-compromiso-del-celam-con-la-infancia\/","title":{"rendered":"Encuentro virtual de formaci\u00f3n sobre el compromiso del CELAM con la Infancia"},"content":{"rendered":"<p>Se realiz\u00f3 el pasado 20 de octubre el Encuentro Virtual de Formaci\u00f3n, a trav\u00e9s de la plataforma webex, con la participaci\u00f3n de alrededor de 20 personas de 10 pa\u00edses de Latinoam\u00e9rica. Estuvo a cargo del nuevo Secretario Ejecutivo del Departamento de Justicia y Solidaridad del CELAM, MSc. Elvy Monzant, quien con una excelente disertaci\u00f3n ha logrado trasmitir a los presentes el compromiso que ese departamento se traza para el pr\u00f3ximo cuatrienio 2015-2019.<\/p>\n<div>\u00a0<\/div>\n<div>A trav\u00e9s de conceptos como Iglesia en salida, Iglesia en las perspectivas de Dios Padre, Iglesia pobre, que da testimonio de austeridad, Iglesia samaritana, que muestra el rostro misericordioso de Dios, etc., todos en sinton\u00eda con el magisterio del Papa Francisco, ha logrado hacer palpitar con mayor velocidad y al un\u00edsono, nuestro coraz\u00f3n, ante el sue\u00f1o, realizable, de una vida plena para la ni\u00f1ez, libre de maltratos y de violencia. \u00a0Y, por ende, fue clara la invitaci\u00f3n a la b\u00fasqueda incansable de la consecuci\u00f3n de este sue\u00f1o.<\/div>\n<div>\u00a0<\/div>\n<div>En el camino en conjunto, que ya hemos emprendido, se subray\u00f3 la importancia de la crianza con ternura, igualmente, en total sinton\u00eda con la revoluci\u00f3n de la ternura del Papa Francisco.<\/div>\n<div>\u00a0<\/div>\n<div>Los invitamos a seguir el desarrollo de esta maravillosa exposici\u00f3n, a trav\u00e9s del enlace:<\/div>\n<div>\u00a0<\/div>\n<div>https:\/\/wvi.webex.com\/wvi-sp\/lsr.php?RCID=b1c415439bcd43a299b917c2e7ae9fed<\/div>\n<div>\u00a0<\/div>\n<div>Asimismo pueden descargar la presentaci\u00f3n: <a href=\"http:\/\/centralidaddelaninez.celam.org\/images\/red-ronda-de-amor\/XIII_Encuentro\/presentacion_pastoral_de_la_Infancia_centralidad.pdf\" target=\"_blank\">DESCARGAR<\/a><\/div>\n<div>\u00a0<\/div>\n<div>Fuente: centralidaddelaninez.celam.org<\/div>\n<p><a href=\"http:\/\/web.hilo.org.pe\/wp-content\/uploads\/Encuentrovirtual.jpg\" target=\"_blank\" rel=\"noopener\">Ver archivo adjunto<\/a><\/p>\n","protected":false},"excerpt":{"rendered":"<p>Se realiz? el pasado 20 de octubre el Encuentro Virtual de Formaci?n, a trav?s de la plataforma webex, con la participaci?n de alrededor de 20 personas de 10 pa?ses de Latinoam?rica. Estuvo a cargo del nuevo Secretario Ejecutivo del Departamento de Justicia y Solidaridad del CELAM, MSc. Elvy Monzant, quien con una excelente disertaci?n ha logrado trasmitir a los presentes el compromiso que ese departamento se traza para el pr?ximo cuatrienio 2015-2019.<\/p>\n","protected":false},"author":1,"featured_media":7862,"comment_status":"closed","ping_status":"closed","sticky":false,"template":"","format":"standard","meta":{"footnotes":""},"categories":[9],"tags":[],"class_list":["post-2553","post","type-post","status-publish","format-standard","has-post-thumbnail","hentry","category-noticias"],"_links":{"self":[{"href":"https:\/\/ceas.org.pe\/index.php\/wp-json\/wp\/v2\/posts\/2553","targetHints":{"allow":["GET"]}}],"collection":[{"href":"https:\/\/ceas.org.pe\/index.php\/wp-json\/wp\/v2\/posts"}],"about":[{"href":"https:\/\/ceas.org.pe\/index.php\/wp-json\/wp\/v2\/types\/post"}],"author":[{"embeddable":true,"href":"https:\/\/ceas.org.pe\/index.php\/wp-json\/wp\/v2\/users\/1"}],"replies":[{"embeddable":true,"href":"https:\/\/ceas.org.pe\/index.php\/wp-json\/wp\/v2\/comments?post=2553"}],"version-history":[{"count":1,"href":"https:\/\/ceas.org.pe\/index.php\/wp-json\/wp\/v2\/posts\/2553\/revisions"}],"predecessor-version":[{"id":6665,"href":"https:\/\/ceas.org.pe\/index.php\/wp-json\/wp\/v2\/posts\/2553\/revisions\/6665"}],"wp:featuredmedia":[{"embeddable":true,"href":"https:\/\/ceas.org.pe\/index.php\/wp-json\/wp\/v2\/media\/7862"}],"wp:attachment":[{"href":"https:\/\/ceas.org.pe\/index.php\/wp-json\/wp\/v2\/media?parent=2553"}],"wp:term":[{"taxonomy":"category","embeddable":true,"href":"https:\/\/ceas.org.pe\/index.php\/wp-json\/wp\/v2\/categories?post=2553"},{"taxonomy":"post_tag","embeddable":true,"href":"https:\/\/ceas.org.pe\/index.php\/wp-json\/wp\/v2\/tags?post=2553"}],"curies":[{"name":"wp","href":"https:\/\/api.w.org\/{rel}","templated":true}]}}