{"id":2548,"date":"2015-10-20T11:16:01","date_gmt":"2015-10-20T11:16:01","guid":{"rendered":""},"modified":"2026-03-11T09:12:09","modified_gmt":"2026-03-11T14:12:09","slug":"colecta-poblica-del-domund-sero-el-22-y-23-de-octubre-a-favor-de-las-misiones","status":"publish","type":"post","link":"https:\/\/ceas.org.pe\/index.php\/2015\/10\/20\/colecta-poblica-del-domund-sero-el-22-y-23-de-octubre-a-favor-de-las-misiones\/","title":{"rendered":"Colecta p\u00f3blica del DOMUND ser\u00f3 el 22 y 23 de octubre a favor de las misiones"},"content":{"rendered":"<p>Con el lema: \u201cCon Mar\u00eda, lleva el Evangelio de Jes\u00fas con alegr\u00eda\u201d, este 22 y 23 de octubre se realizar\u00e1 la Colecta P\u00fablica DOMUND 2015, a favor de las misiones. Esos d\u00edas, miles de voluntarios recorrer\u00e1n las calles recogiendo el aporte voluntario de las personas a favor de las misiones. En tanto, este domingo 18 de octubre, Jornada Mundial de las Misiones, se realizar\u00e1 la Colecta DOMUND en todas las parroquias y templos del pa\u00eds.<\/p>\n<div>\u00a0<\/div>\n<div>El DOMUND, o Domingo Mundial de las Misiones, es el d\u00eda en que la Iglesia Universal reza por la actividad evangelizadora de los misioneros y misioneras, y colabora econ\u00f3micamente con ellos en su labor de llevar ayuda a los m\u00e1s pobres y necesitados. Por ello, los fieles pueden ayudar a las misiones, a trav\u00e9s de un donativo econ\u00f3mico en las colectas. Por otro lado, con motivo de celebrarse este 18 de octubre, el Domingo Mundial de las Misiones, las Obras Misionales Pontificias del Per\u00fa \u2013 OMP, viene motivando un d\u00eda de reflexi\u00f3n y oraci\u00f3n denominado: \u201cAyuno misionero\u201d, con el fin de buscar la solidaridad con las personas que pasan hambre y necesidades y contrarrestar la indiferencia que tanto da\u00f1o hace a la humanidad.<\/div>\n<div>\u00a0<\/div>\n<div>Esta jornada de ayuno y oraci\u00f3n, se realizar\u00e1 este domingo 18 de octubre, de 10:00 de la ma\u00f1ana a 3:00 de la tarde, en el Santuario de Las Nazarenas, en Lima. Esta jornada concluir\u00e1 con la Santa Misa por el DOMUND, que se celebrar\u00e1 a las 3:00 p.m., y que ser\u00e1 oficiada por el Padre V\u00edctor Livori MSSP., Director Nacional de las Obras Misionales Pontificias del Per\u00fa. Por tal motivo, se invita a todos los sacerdotes, seminaristas, religiosas, aspirantes a la vida consagrada, profesores, animadores, catequistas y fieles en general a participar con entusiasmo de este momento de espiritualidad misionera. (Fuente: CEP)<\/div>\n<p><a href=\"http:\/\/web.hilo.org.pe\/wp-content\/uploads\/Domund2.jpg\" target=\"_blank\" rel=\"noopener\">Ver archivo adjunto<\/a><\/p>\n","protected":false},"excerpt":{"rendered":"<p>Con el lema: ?Con Mar?a, lleva el Evangelio de Jes?s con alegr?a?, este 22 y 23 de octubre se realizar? la Colecta P?blica DOMUND 2015, a favor de las misiones.<\/p>\n","protected":false},"author":1,"featured_media":0,"comment_status":"closed","ping_status":"closed","sticky":false,"template":"","format":"standard","meta":{"footnotes":""},"categories":[9],"tags":[],"class_list":["post-2548","post","type-post","status-publish","format-standard","hentry","category-noticias"],"_links":{"self":[{"href":"https:\/\/ceas.org.pe\/index.php\/wp-json\/wp\/v2\/posts\/2548","targetHints":{"allow":["GET"]}}],"collection":[{"href":"https:\/\/ceas.org.pe\/index.php\/wp-json\/wp\/v2\/posts"}],"about":[{"href":"https:\/\/ceas.org.pe\/index.php\/wp-json\/wp\/v2\/types\/post"}],"author":[{"embeddable":true,"href":"https:\/\/ceas.org.pe\/index.php\/wp-json\/wp\/v2\/users\/1"}],"replies":[{"embeddable":true,"href":"https:\/\/ceas.org.pe\/index.php\/wp-json\/wp\/v2\/comments?post=2548"}],"version-history":[{"count":1,"href":"https:\/\/ceas.org.pe\/index.php\/wp-json\/wp\/v2\/posts\/2548\/revisions"}],"predecessor-version":[{"id":6670,"href":"https:\/\/ceas.org.pe\/index.php\/wp-json\/wp\/v2\/posts\/2548\/revisions\/6670"}],"wp:attachment":[{"href":"https:\/\/ceas.org.pe\/index.php\/wp-json\/wp\/v2\/media?parent=2548"}],"wp:term":[{"taxonomy":"category","embeddable":true,"href":"https:\/\/ceas.org.pe\/index.php\/wp-json\/wp\/v2\/categories?post=2548"},{"taxonomy":"post_tag","embeddable":true,"href":"https:\/\/ceas.org.pe\/index.php\/wp-json\/wp\/v2\/tags?post=2548"}],"curies":[{"name":"wp","href":"https:\/\/api.w.org\/{rel}","templated":true}]}}