{"id":2547,"date":"2015-10-19T13:33:02","date_gmt":"2015-10-19T13:33:02","guid":{"rendered":""},"modified":"2026-03-11T09:12:09","modified_gmt":"2026-03-11T14:12:09","slug":"encuentro-de-obispos-y-agentes-pastorales-de-fronteras-de-bolivia-chile-y-pero","status":"publish","type":"post","link":"https:\/\/ceas.org.pe\/index.php\/2015\/10\/19\/encuentro-de-obispos-y-agentes-pastorales-de-fronteras-de-bolivia-chile-y-pero\/","title":{"rendered":"Encuentro de Obispos y agentes pastorales de fronteras de Bolivia, Chile y Per\u00f3"},"content":{"rendered":"<div>Con la finalidad de analizar la situaci\u00f3n de los migrantes, refugiados, y de las v\u00edctimas de trata y tr\u00e1fico ilegal de personas, del 20 al 22 de octubre se realizar\u00e1 en Antofagasta \u2013 Chile, el V Encuentro de Obispos y Agentes de Pastoral de las fronteras de Bolivia, Chile y Per\u00fa. Por el Per\u00fa participar\u00e1n delegados de las di\u00f3cesis ubicadas en las fronteras con Bolivia y Chile, as\u00ed como de la Pastoral de la Movilidad Humana de la Conferencia Episcopal Peruana.<\/div>\n<div>\u00a0<\/div>\n<div>A la realidad migratoria com\u00fan en la triple frontera, en los \u00faltimos a\u00f1os se han sumado decenas de colombianos que solicitan refugio o asilo pol\u00edtico, as\u00ed como haitianos de tr\u00e1nsito a Chile y Brasil y ecuatorianos que, por diversas razones internas de sus pa\u00edses de origen, se han desplazado hasta esta zona.\u00a0<\/div>\n<div>\u00a0<\/div>\n<div>Este encuentro que se realiza cada dos a\u00f1os, ser\u00e1 un espacio para reflexionar, recoger experiencias y proyectar el desarrollo de la Pastoral de Movilidad Humana de las Conferencias Episcopales en el origen, tr\u00e1nsito y acogida as\u00ed como plantear y mejorar las acciones de acompa\u00f1amiento espiritual y humano de las personas migrantes.<\/div>\n<div>\u00a0<\/div>\n<div>El Padre Marcos Bubniak, Secretario Ejecutivo de la Pastoral de Movilidad Humana de Per\u00fa, que participar\u00e1 en este evento, destac\u00f3 la importancia de evaluar y profundizar el trabajo de la Iglesia, inspirada en el mensaje del Papa Francisco sobre la realidad migratoria en el mundo. Tambi\u00e9n participar\u00e1n en este encuentro los Obispos de fronteras y agentes pastorales de Chile (Arica, Iquique, Calama, Antofagasta y Copiap\u00f3); de Per\u00fa (Tacna) y Bolivia (Alto, Oruro, Potos\u00ed, La Paz y Coro Coro). Asimismo, intervendr\u00e1n congregaciones de Jesuitas, Buen Pastor, Hijas de la Caridad y Congregaci\u00f3n de los Scalabrinianos, junto a funcionarios de Migraciones de los tres pa\u00edses. (Fuente: CEP)<\/div>\n<div>\u00a0<\/div>\n<p><a href=\"http:\/\/web.hilo.org.pe\/wp-content\/uploads\/encuentrofrontera.png\" target=\"_blank\" rel=\"noopener\">Ver archivo adjunto<\/a><\/p>\n","protected":false},"excerpt":{"rendered":"<p>\u00a0Con la finalidad de analizar la situaci\u00f3n de los migrantes, refugiados, y de las v\u00edctimas de trata y tr\u00e1fico ilegal de personas, del 20 al 22 de octubre se realizar\u00e1 en Antofagasta \u2013 Chile, el V Encuentro de Obispos y Agentes de Pastoral de las fronteras de Bolivia, Chile y Per\u00fa.\u00a0<\/p>\n","protected":false},"author":1,"featured_media":0,"comment_status":"closed","ping_status":"closed","sticky":false,"template":"","format":"standard","meta":{"footnotes":""},"categories":[9],"tags":[],"class_list":["post-2547","post","type-post","status-publish","format-standard","hentry","category-noticias"],"_links":{"self":[{"href":"https:\/\/ceas.org.pe\/index.php\/wp-json\/wp\/v2\/posts\/2547","targetHints":{"allow":["GET"]}}],"collection":[{"href":"https:\/\/ceas.org.pe\/index.php\/wp-json\/wp\/v2\/posts"}],"about":[{"href":"https:\/\/ceas.org.pe\/index.php\/wp-json\/wp\/v2\/types\/post"}],"author":[{"embeddable":true,"href":"https:\/\/ceas.org.pe\/index.php\/wp-json\/wp\/v2\/users\/1"}],"replies":[{"embeddable":true,"href":"https:\/\/ceas.org.pe\/index.php\/wp-json\/wp\/v2\/comments?post=2547"}],"version-history":[{"count":1,"href":"https:\/\/ceas.org.pe\/index.php\/wp-json\/wp\/v2\/posts\/2547\/revisions"}],"predecessor-version":[{"id":6671,"href":"https:\/\/ceas.org.pe\/index.php\/wp-json\/wp\/v2\/posts\/2547\/revisions\/6671"}],"wp:attachment":[{"href":"https:\/\/ceas.org.pe\/index.php\/wp-json\/wp\/v2\/media?parent=2547"}],"wp:term":[{"taxonomy":"category","embeddable":true,"href":"https:\/\/ceas.org.pe\/index.php\/wp-json\/wp\/v2\/categories?post=2547"},{"taxonomy":"post_tag","embeddable":true,"href":"https:\/\/ceas.org.pe\/index.php\/wp-json\/wp\/v2\/tags?post=2547"}],"curies":[{"name":"wp","href":"https:\/\/api.w.org\/{rel}","templated":true}]}}