{"id":2544,"date":"2015-10-16T13:28:57","date_gmt":"2015-10-16T13:28:57","guid":{"rendered":""},"modified":"2026-03-11T09:12:09","modified_gmt":"2026-03-11T14:12:09","slug":"papa-francisco-envoa-reflexiones-en-el-doa-mundial-de-la-alimentacion","status":"publish","type":"post","link":"https:\/\/ceas.org.pe\/index.php\/2015\/10\/16\/papa-francisco-envoa-reflexiones-en-el-doa-mundial-de-la-alimentacion\/","title":{"rendered":"Papa Francisco env\u00f3a reflexiones en el D\u00f3a Mundial de la Alimentaci\u00f3n"},"content":{"rendered":"<p>Ciudad del Vaticano, (VIS).-Hoy, 16 de octubre es el D\u00eda Mundial de la Alimentaci\u00f3n, la jornada instituida en 1979 por la Organizaci\u00f3n de las Naciones Unidas para la Alimentaci\u00f3n y la Agricultura (FAO), para sensibilizar a la opini\u00f3n p\u00fablica sobre el problema alimentario y fortalecer la solidaridad en la lucha contra el hambre, la desnutrici\u00f3n y la pobreza. Con esa ocasi\u00f3n el Santo Padre ha enviado un mensaje al Director General de la FAO, Jos\u00e9 Graziano da Silva, del que reproducimos amplios extractos.<\/p>\n<p>&#8216;Un a\u00f1o m\u00e1s, la Jornada Mundial de la Alimentaci\u00f3n se hace eco del grito de tantos hermanos y hermanas nuestros que en diversas partes del mundo no tienen el pan de cada d\u00eda&#8230;A pesar de los avances que se est\u00e1n realizando en muchos pa\u00edses, los \u00faltimos datos siguen presentando a\u00fan una situaci\u00f3n inquietante, a la que ha contribuido la disminuci\u00f3n general de la ayuda p\u00fablica al desarrollo&#8217;.<\/p>\n<div>&#8216;El tema propuesto por la FAO para la presente Jornada \u2013Agricultura familiar: Alimentar al mundo, cuidar el planeta\u2013 pone de relieve la necesidad de partir de las personas, como individuos o como grupos, a la hora de proponer nuevas formas y modos de gesti\u00f3n de los diferentes aspectos de la alimentaci\u00f3n. En concreto, es necesario reconocer cada vez m\u00e1s el papel de la familia rural y desarrollar todas sus potencialidades&#8230;La familia, de hecho, favorece el di\u00e1logo entre diversas generaciones y pone las bases para una verdadera integraci\u00f3n social, adem\u00e1s de representar esa deseada sinergia entre trabajo agr\u00edcola y sostenibilidad: \u00bfqui\u00e9n se preocupa m\u00e1s que la familia rural por preservar la naturaleza para las pr\u00f3ximas generaciones? \u00bfy a qui\u00e9n le interesa m\u00e1s que a ella la cohesi\u00f3n entre las personas y los grupos sociales?&#8217;<\/div>\n<div>\u00a0<\/div>\n<div>&#8216;Defender a las comunidades rurales frente a las graves amenazas de la acci\u00f3n humana y de los desastres naturales no deber\u00eda ser s\u00f3lo una estrategia, sino una acci\u00f3n permanente que favorezca su participaci\u00f3n en la toma de decisiones, que ponga a su alcance tecnolog\u00edas apropiadas y extienda su uso, respetando siempre el medio ambiente. Actuar as\u00ed puede modificar la forma de llevar a cabo la cooperaci\u00f3n internacional y de ayudar a los que pasan hambre o sufren desnutrici\u00f3n&#8230;Nunca como en este momento ha necesitado el mundo que las personas y las naciones se unan para superar las divisiones y los conflictos existentes, y sobre todo para buscar v\u00edas concretas de salida de una crisis que es global, pero cuyo peso soportan mayormente los pobres&#8230; Pensemos en los hombres y mujeres, de cualquier edad y condici\u00f3n, que son v\u00edctimas de sangrientos conflictos y de sus consecuencias de destrucci\u00f3n y de miseria, entre ellas, la falta de casa, de atenci\u00f3n m\u00e9dica, de educaci\u00f3n. Llegan incluso a perder toda esperanza de una vida digna. Para con ellos tenemos la obligaci\u00f3n, en primer lugar, de ser solidarios y de compartir&#8217;.<\/div>\n<div>\u00a0<\/div>\n<div>&#8216;Para vencer el hambre no basta paliar las carencias de los m\u00e1s desafortunados o socorrer con ayudas y donativos a aquellos que viven situaciones de emergencia. Es necesario, adem\u00e1s, cambiar el paradigma de las pol\u00edticas de ayuda y de desarrollo&#8230;\u00bfHasta cu\u00e1ndo se seguir\u00e1n defendiendo sistemas de producci\u00f3n y de consumo que excluyen a la mayor parte de la poblaci\u00f3n mundial, incluso de las migajas que caen de las mesas de los ricos? Ha llegado el momento de pensar y decidir a partir de cada persona y comunidad, y no desde la situaci\u00f3n de los mercados. En consecuencia, deber\u00eda cambiar tambi\u00e9n el modo de entender el trabajo, los objetivos y la actividad econ\u00f3mica, la producci\u00f3n alimentaria y la protecci\u00f3n del ambiente. Quiz\u00e1s \u00e9sta es la \u00fanica posibilidad de construir un aut\u00e9ntico futuro de paz, que hoy se ve amenazado tambi\u00e9n por la inseguridad alimentaria&#8217;.<\/div>\n<div>\u00a0<\/div>\n<div>&#8216;Por su parte, la Iglesia cat\u00f3lica, a la vez que contin\u00faa su actividad caritativa en los diversos continentes, est\u00e1 dispuesta a ofrecer, iluminar y acompa\u00f1ar tanto la elaboraci\u00f3n de pol\u00edticas como su actuaci\u00f3n concreta, consciente de que la fe se hace visible poniendo en pr\u00e1ctica el proyecto de Dios para la familia humana y para el mundo, mediante una profunda y real fraternidad, que no es exclusiva de los cristianos, sino que incluye a todos los pueblos&#8217;.<\/div>\n<div>\u00a0<\/div>\n<div>Fuente: news.va<\/div>\n<div>\u00a0<\/div>\n<p><a href=\"http:\/\/web.hilo.org.pe\/wp-content\/uploads\/Diamundialalimentacion.jpg\" target=\"_blank\" rel=\"noopener\">Ver archivo adjunto<\/a><\/p>\n","protected":false},"excerpt":{"rendered":"<p>Ciudad del Vaticano, (VIS).-Hoy, 16 de octubre es el D?a Mundial de la Alimentaci?n, la jornada instituida en 1979 por la Organizaci?n de las Naciones Unidas para la Alimentaci?n y la Agricultura (FAO), para sensibilizar a la opini?n p?blica sobre el problema alimentario y fortalecer la solidaridad en la lucha contra el hambre, la desnutrici?n y la pobreza.<\/p>\n","protected":false},"author":1,"featured_media":0,"comment_status":"closed","ping_status":"closed","sticky":false,"template":"","format":"standard","meta":{"footnotes":""},"categories":[9],"tags":[],"class_list":["post-2544","post","type-post","status-publish","format-standard","hentry","category-noticias"],"_links":{"self":[{"href":"https:\/\/ceas.org.pe\/index.php\/wp-json\/wp\/v2\/posts\/2544","targetHints":{"allow":["GET"]}}],"collection":[{"href":"https:\/\/ceas.org.pe\/index.php\/wp-json\/wp\/v2\/posts"}],"about":[{"href":"https:\/\/ceas.org.pe\/index.php\/wp-json\/wp\/v2\/types\/post"}],"author":[{"embeddable":true,"href":"https:\/\/ceas.org.pe\/index.php\/wp-json\/wp\/v2\/users\/1"}],"replies":[{"embeddable":true,"href":"https:\/\/ceas.org.pe\/index.php\/wp-json\/wp\/v2\/comments?post=2544"}],"version-history":[{"count":1,"href":"https:\/\/ceas.org.pe\/index.php\/wp-json\/wp\/v2\/posts\/2544\/revisions"}],"predecessor-version":[{"id":6674,"href":"https:\/\/ceas.org.pe\/index.php\/wp-json\/wp\/v2\/posts\/2544\/revisions\/6674"}],"wp:attachment":[{"href":"https:\/\/ceas.org.pe\/index.php\/wp-json\/wp\/v2\/media?parent=2544"}],"wp:term":[{"taxonomy":"category","embeddable":true,"href":"https:\/\/ceas.org.pe\/index.php\/wp-json\/wp\/v2\/categories?post=2544"},{"taxonomy":"post_tag","embeddable":true,"href":"https:\/\/ceas.org.pe\/index.php\/wp-json\/wp\/v2\/tags?post=2544"}],"curies":[{"name":"wp","href":"https:\/\/api.w.org\/{rel}","templated":true}]}}