{"id":2542,"date":"2015-10-15T18:22:08","date_gmt":"2015-10-15T18:22:08","guid":{"rendered":""},"modified":"2026-03-11T09:12:09","modified_gmt":"2026-03-11T14:12:09","slug":"declaracion-final-del-encuentro-nacional-de-la-red-coritas-en-el-pero-2015","status":"publish","type":"post","link":"https:\/\/ceas.org.pe\/index.php\/2015\/10\/15\/declaracion-final-del-encuentro-nacional-de-la-red-coritas-en-el-pero-2015\/","title":{"rendered":"Declaraci\u00f3n final del Encuentro Nacional de la Red C\u00f3ritas en el Per\u00f3 2015"},"content":{"rendered":"<p>Recientemente reunidos en la ciudad de Lima, en el marco del 54\u00b0 Encuentro Nacional de la Red de C\u00e1ritas en el Per\u00fa y de la celebraci\u00f3n por los 60 a\u00f1os de vida institucional, los asistentes representantes de las C\u00e1ritas diocesanas y de la Oficina Nacional queremos compartir las conclusiones y compromisos fruto de este Encuentro.<\/p>\n<div>\u00a0<\/div>\n<div>La Iglesia Cat\u00f3lica, fiel al Evangelio de Jesucristo, coloca a la vida y a la persona humana en el centro de su mensaje, comparte \u00abel gozo y la esperanza, la tristeza y la angustia de los hombres de nuestro tiempo, sobre todo de los pobres y de toda clase de afligidos\u00bb, y los acompa\u00f1a en su caminar buscando condiciones de vida mucho m\u00e1s humanas y dignas. La Red de C\u00e1ritas en el Per\u00fa, comprometida con la vida y los destinos de las comunidades m\u00e1s pobres de nuestro pa\u00eds \u00aben virtud de su compromiso evang\u00e9lico, se siente llamada a estar junto a esas multitudes pobres, a discernir la justicia de sus reclamaciones y a ayudar a hacerlas realidad sin perder de vista al bien de los grupos en funci\u00f3n del bien com\u00fan\u00bb.<\/div>\n<div>\u00a0<\/div>\n<div>Vemos con preocupaci\u00f3n que, a pesar del desarrollo econ\u00f3mico alcanzado por nuestro pa\u00eds en los \u00faltimos a\u00f1os, se mantienen situaciones de inequidad y muchas regiones presentan indicadores de pobreza cercanos al 50%. Nuestra ni\u00f1ez sigue sufriendo el problema de la desnutrici\u00f3n cr\u00f3nica y anemia. Si bien hay una mejora en el sector educaci\u00f3n la calidad educativa sigue siendo uno de los principales desaf\u00edos de nuestro pa\u00eds. Los problemas de nuestros compatriotas en relaci\u00f3n a la vivienda, acceso al agua segura, sistemas de salud y trabajo digno contin\u00faan vigentes. No podemos dejar de mencionar el incremento de violencia familiar, inseguridad ciudadana, narcotr\u00e1fico y corrupci\u00f3n, que d\u00eda a d\u00eda se generalizan m\u00e1s hasta convertirse en situaciones de aparente normalidad.<\/div>\n<div>\u00a0<\/div>\n<div>Este panorama general puede agravarse si tomamos en consideraci\u00f3n la desaceleraci\u00f3n econ\u00f3mica internacional, producto de la situaci\u00f3n en China y los Estados Unidos de Am\u00e9rica, la ocurrencia del Fen\u00f3meno El Ni\u00f1o y la incertidumbre que se podr\u00eda generar en los actores socio econ\u00f3micos del pa\u00eds por el proceso electoral que se avecina. El Papa Francisco en la Asamblea General de las Naciones Unidas, al referirse a los Objetivos de Desarrollo Sostenible indic\u00f3: \u00abPara que estos hombres y mujeres concretos puedan escapar de la pobreza extrema, hay que permitirles ser dignos actores de su propio destino. El desarrollo humano integral y el pleno ejercicio de la dignidad humana no pueden ser impuestos. Deben ser edificados y desplegados por cada uno, por cada familia, en comuni\u00f3n con los dem\u00e1s hombres y en una justa relaci\u00f3n con todos los c\u00edrculos en los que se desarrolla la socialidad humana [\u2026] Por todo esto, la medida y el indicador m\u00e1s simple y adecuado del cumplimiento de la nueva Agenda para el desarrollo ser\u00e1 el acceso efectivo, pr\u00e1ctico e inmediato, para todos, a los bienes materiales y espirituales indispensables: vivienda propia, trabajo digno y debidamente remunerado, alimentaci\u00f3n adecuada y agua potable; libertad religiosa y, m\u00e1s en general, libertad de esp\u00edritu y educaci\u00f3n. Al mismo tiempo, estos pilares del desarrollo humano integral tienen un fundamento com\u00fan, que es el derecho a la vida y, m\u00e1s en general, el que podr\u00edamos llamar el derecho a la existencia de la misma naturaleza humana\u00bb.<\/div>\n<div>\u00a0<\/div>\n<div>Nuestros programas y proyectos de desarrollo social y productivo, as\u00ed como las acciones de ayuda humanitaria que ejecutamos a trav\u00e9s de la Red de 48 C\u00e1ritas diocesanas presentes en todo el Per\u00fa, nacen de la fe en el Dios de la Vida, quien nos convoca desde su Iglesia a servir a todas las personas sin distinci\u00f3n alguna, y del \u00abimperativo de escuchar el clamor de los pobres, que se hace carne en nosotros cuando se nos estremecen las entra\u00f1as ante el dolor ajeno\u00bb. Por ello, el car\u00e1cter profesional de nuestro trabajo se complementa con una acci\u00f3n desde un coraz\u00f3n fortalecido por nuestra Fe.<\/div>\n<div>\u00a0<\/div>\n<div>Asimismo nos sabemos llamados a entrar en la historia de nuestros pueblos, como semillas del Reino, para aportar a consolidar una renovada \u00e9tica social (fundada sobre la verdad, la libertad, la justicia, la caridad y la paz), la promoci\u00f3n de la solidaridad y la subsidiariedad responsable, la participaci\u00f3n plena y consiente de los ciudadanos, un renovado sistema democr\u00e1tico, un mayor cuidado del medio ambiente y el adecuado destino universal de los bienes.<\/div>\n<div>\u00a0<\/div>\n<div>Nos comprometemos a seguir impulsando procesos de desarrollo humano integral, orientados a generar condiciones de vida m\u00e1s dignas para las comunidades m\u00e1s pobres de nuestro pa\u00eds, y trabajar por ellas con un enfoque de derechos, que promueva su participaci\u00f3n activa y fortalezca su condici\u00f3n de ciudadanos. El di\u00e1logo y la concertaci\u00f3n constituyen elementos fundamentales para la construcci\u00f3n de paz y de una sociedad m\u00e1s justa y reconciliada. La participaci\u00f3n de la mujer, asumiendo liderazgos y presencia activa en los procesos de toma de decisiones, se hace cada vez m\u00e1s importante y necesario. La defensa de los bienes de la creaci\u00f3n y el medio ambiente constituyen una condici\u00f3n indispensable para alcanzar la sostenibilidad del desarrollo. Todas nuestras intervenciones deben estar acompa\u00f1adas de procesos de formaci\u00f3n en valores cristianos y pr\u00e1cticas \u00e9ticas, para ir generando las bases para el aut\u00e9ntico desarrollo de las futuras generaciones.<\/div>\n<div>\u00a0<\/div>\n<div>Desde C\u00e1ritas hacemos un llamado a las instituciones, organizaciones p\u00fablicas y privadas, y a todas las personas \u00abde buena voluntad\u00bb de nuestro pa\u00eds a seguir fortaleciendo voluntades y compromisos sociales, \u00e9ticos y pol\u00edticos en favor de la vida y la familia, especialmente la de los sectores m\u00e1s pobres y excluidos.<\/div>\n<div>\u00a0<\/div>\n<div>Nos comprometemos a seguir promoviendo y construyendo renovados caminos de solidaridad y justicia social, donde los hombres y mujeres de nuestro pa\u00eds puedan reconocerse como hermanos, miembros de una misma familia humana e hijos de un mismo Padre.<\/div>\n<div>\u00a0<\/div>\n<div>Que Santa Mar\u00eda, la Servidora Fiel, nos ayude a crecer en Misericordia al servicio de los m\u00e1s necesitados.<\/div>\n<div>\u00a0<\/div>\n<div>Fuente: caritas.org.pe<\/div>\n<p><a href=\"http:\/\/web.hilo.org.pe\/wp-content\/uploads\/Encuentronacionaldelared.jpg\" target=\"_blank\" rel=\"noopener\">Ver archivo adjunto<\/a><\/p>\n","protected":false},"excerpt":{"rendered":"<p>Recientemente reunidos en la ciudad de Lima, en el marco del 54? Encuentro Nacional de la Red de C?ritas en el Per? y de la celebraci?n por los 60 a?os de vida institucional, los asistentes representantes de las C?ritas diocesanas y de la Oficina Nacional queremos compartir las conclusiones y compromisos fruto de este Encuentro.<\/p>\n","protected":false},"author":1,"featured_media":0,"comment_status":"closed","ping_status":"closed","sticky":false,"template":"","format":"standard","meta":{"footnotes":""},"categories":[9],"tags":[],"class_list":["post-2542","post","type-post","status-publish","format-standard","hentry","category-noticias"],"_links":{"self":[{"href":"https:\/\/ceas.org.pe\/index.php\/wp-json\/wp\/v2\/posts\/2542","targetHints":{"allow":["GET"]}}],"collection":[{"href":"https:\/\/ceas.org.pe\/index.php\/wp-json\/wp\/v2\/posts"}],"about":[{"href":"https:\/\/ceas.org.pe\/index.php\/wp-json\/wp\/v2\/types\/post"}],"author":[{"embeddable":true,"href":"https:\/\/ceas.org.pe\/index.php\/wp-json\/wp\/v2\/users\/1"}],"replies":[{"embeddable":true,"href":"https:\/\/ceas.org.pe\/index.php\/wp-json\/wp\/v2\/comments?post=2542"}],"version-history":[{"count":1,"href":"https:\/\/ceas.org.pe\/index.php\/wp-json\/wp\/v2\/posts\/2542\/revisions"}],"predecessor-version":[{"id":6676,"href":"https:\/\/ceas.org.pe\/index.php\/wp-json\/wp\/v2\/posts\/2542\/revisions\/6676"}],"wp:attachment":[{"href":"https:\/\/ceas.org.pe\/index.php\/wp-json\/wp\/v2\/media?parent=2542"}],"wp:term":[{"taxonomy":"category","embeddable":true,"href":"https:\/\/ceas.org.pe\/index.php\/wp-json\/wp\/v2\/categories?post=2542"},{"taxonomy":"post_tag","embeddable":true,"href":"https:\/\/ceas.org.pe\/index.php\/wp-json\/wp\/v2\/tags?post=2542"}],"curies":[{"name":"wp","href":"https:\/\/api.w.org\/{rel}","templated":true}]}}