{"id":2541,"date":"2015-10-15T18:19:44","date_gmt":"2015-10-15T18:19:44","guid":{"rendered":""},"modified":"2026-03-11T09:12:09","modified_gmt":"2026-03-11T14:12:09","slug":"informe-del-54-encuentro-nacional-de-la-red-coritas","status":"publish","type":"post","link":"https:\/\/ceas.org.pe\/index.php\/2015\/10\/15\/informe-del-54-encuentro-nacional-de-la-red-coritas\/","title":{"rendered":"Informe del 54 Encuentro Nacional de la Red C\u00f3ritas"},"content":{"rendered":"<p>Con el prop\u00f3sito de analizar el trabajo que realiza C\u00e1ritas en el Desarrollo Humano Integral desde el aspecto econ\u00f3mico, de pobreza y exclusi\u00f3n, la situaci\u00f3n de la ni\u00f1ez, de los conflictos sociales, la violencia y la gobernabilidad de nuestro pa\u00eds, se llev\u00f3 a cabo del 04 al 07 de octubre el 54 Encuentro Nacional de la Red C\u00e1ritas en el Per\u00fa.<\/p>\n<div>\u00a0<\/div>\n<div>Participaron los Secretarios Generales de las 48 C\u00e1ritas Diocesanas distribuidas en todo el territorio nacional, quienes reflexionaron sobre el Evangelio de la Caridad, que es la verdadera raz\u00f3n de ser de C\u00e1ritas.<\/div>\n<div>\u00a0<\/div>\n<div>Entre las actividades m\u00e1s importantes del encuentro, hay que destacar la presentaci\u00f3n de experiencias exitosas de C\u00e1ritas, a trav\u00e9s de exposiciones magistrales de tres iniciativas: el proyecto educativo \u00abMaestros y escuelas que cambian tu vida\u00bb, el proyecto de desarrollo productivo \u00abMejora de la competitividad de la cadena de l\u00e1cteos\u00bb y el proyecto de \u00abReducci\u00f3n de riesgos por bajas temperaturas\u00bb.<\/div>\n<div>\u00a0<\/div>\n<div>Adem\u00e1s, se realiz\u00f3 un reconocimiento a las contrapartes que han apoyado el trabajo de C\u00e1ritas del Per\u00fa en los \u00f3ltimos 10 a\u00f1os. Entre las organizaciones y empresas que recibieron el reconocimiento se encuentran la Asociaci\u00f3n Madre Coraje, Scotiabank, Hunt Global Partnerships, Caritas Alemania y C\u00e1ritas Espa\u00f1ola, por su compromiso en mejorar la calidad de vida de miles de familias peruanas, a trav\u00e9s de programas desarrollo integral. Tambi\u00e9n se reconoci\u00f3 al ciudadano alem\u00e1n Hans Peter Dentler por su trabajo a favor de personas con discapacidad y a Felipe Arias &#8211; Schreiber por su constante solidaridad en campa\u00f1as de ayuda de C\u00e1ritas del Per\u00fa.<\/div>\n<div>\u00a0<\/div>\n<div>Otra actividad destacada fue la feria de proyectos y productos de C\u00e1ritas que consisti\u00f3 en dar a conocer el trabajo que viene desarrollando la Red de C\u00e1ritas en el Per\u00fa en cuatro \u00e1reas de acci\u00f3n: desarrollo econ\u00f3mico productivo; salud y nutrici\u00f3n; gesti\u00f3n de riesgos ante bajas temperaturas, emergencias y reconstrucci\u00f3n; y gesti\u00f3n integral del medio ambiente.<\/div>\n<div>\u00a0<\/div>\n<div>Finalmente, y por segundo a\u00f1o consecutivo, se realiz\u00f3 el Premio \u00abC\u00e1ritas a una Comunidad Sostenible\u00bb, reconocimiento que C\u00e1ritas otorga a aquella comunidad que con esfuerzo y constancia ha logrado mejoras en seguridad alimentaria. En esta ocasi\u00f3n, la comunidad ganadora fue la comunidad de San Jos\u00e9 de Sallcahuara, en Huancavelica. En esta localidad se ha trabajado desde el a\u00f1o 2008 con 43 comunidades el proyecto \u00abFortalecimiento de la Cadena Productiva de L\u00e1cteos\u00bb, que ha logrado mejoras en las cuatro dimensiones de la seguridad alimentaria: disponibilidad, acceso, utilizaci\u00f3n de alimentos y sostenibilidad; mejorando la calidad de la poblaci\u00f3n.<\/div>\n<div>\u00a0<\/div>\n<div>Cabe se\u00f1alar que, C\u00e1ritas del Per\u00fa aprovech\u00f3 este encuentro para celebrar sus 60 a\u00f1os transformando la vida de miles de familias peruanas.<\/div>\n<div>\u00a0<\/div>\n<div>Fuente: caritas.org.pe<\/div>\n<div>\u00a0<\/div>\n<p><a href=\"http:\/\/web.hilo.org.pe\/wp-content\/uploads\/Caritasencuentro.jpg\" target=\"_blank\" rel=\"noopener\">Ver archivo adjunto<\/a><\/p>\n","protected":false},"excerpt":{"rendered":"<p>Con el prop?sito de analizar el trabajo que realiza C?ritas en el Desarrollo Humano Integral desde el aspecto econ?mico, de pobreza y exclusi?n, la situaci?n de la ni?ez, de los conflictos sociales, la violencia y la gobernabilidad de nuestro pa?s, se llev? a cabo del 04 al 07 de octubre el 54 Encuentro Nacional de la Red C?ritas en el Per?.<\/p>\n","protected":false},"author":1,"featured_media":0,"comment_status":"closed","ping_status":"closed","sticky":false,"template":"","format":"standard","meta":{"footnotes":""},"categories":[9],"tags":[],"class_list":["post-2541","post","type-post","status-publish","format-standard","hentry","category-noticias"],"_links":{"self":[{"href":"https:\/\/ceas.org.pe\/index.php\/wp-json\/wp\/v2\/posts\/2541","targetHints":{"allow":["GET"]}}],"collection":[{"href":"https:\/\/ceas.org.pe\/index.php\/wp-json\/wp\/v2\/posts"}],"about":[{"href":"https:\/\/ceas.org.pe\/index.php\/wp-json\/wp\/v2\/types\/post"}],"author":[{"embeddable":true,"href":"https:\/\/ceas.org.pe\/index.php\/wp-json\/wp\/v2\/users\/1"}],"replies":[{"embeddable":true,"href":"https:\/\/ceas.org.pe\/index.php\/wp-json\/wp\/v2\/comments?post=2541"}],"version-history":[{"count":1,"href":"https:\/\/ceas.org.pe\/index.php\/wp-json\/wp\/v2\/posts\/2541\/revisions"}],"predecessor-version":[{"id":6677,"href":"https:\/\/ceas.org.pe\/index.php\/wp-json\/wp\/v2\/posts\/2541\/revisions\/6677"}],"wp:attachment":[{"href":"https:\/\/ceas.org.pe\/index.php\/wp-json\/wp\/v2\/media?parent=2541"}],"wp:term":[{"taxonomy":"category","embeddable":true,"href":"https:\/\/ceas.org.pe\/index.php\/wp-json\/wp\/v2\/categories?post=2541"},{"taxonomy":"post_tag","embeddable":true,"href":"https:\/\/ceas.org.pe\/index.php\/wp-json\/wp\/v2\/tags?post=2541"}],"curies":[{"name":"wp","href":"https:\/\/api.w.org\/{rel}","templated":true}]}}