{"id":2539,"date":"2015-10-14T12:03:35","date_gmt":"2015-10-14T12:03:35","guid":{"rendered":""},"modified":"2026-03-11T09:12:09","modified_gmt":"2026-03-11T14:12:09","slug":"vaticano-inaugura-un-dormitorio-para-personas-sin-techo","status":"publish","type":"post","link":"https:\/\/ceas.org.pe\/index.php\/2015\/10\/14\/vaticano-inaugura-un-dormitorio-para-personas-sin-techo\/","title":{"rendered":"Vaticano inaugura un dormitorio para personas sin techo"},"content":{"rendered":"<p>VATICANO, \u00a0(ACI).- \u201cDon de Misericordia\u201d, es el nombre del dormitorio que desde hace casi una semana funciona en \u201cVia dei Penitenzieri\u201d, a dos pasos de la Plaza de San Pedro, para acoger a las personas sin techo. La inauguraci\u00f3n fue el viernes pasado de manera reservada, sin presencia de la prensa.<\/p>\n<div>\u00a0<\/div>\n<div>El local es de la Casa Generalicia de la Compa\u00f1\u00eda de Jes\u00fas y era usado por la agencia que se ocupa de los viajes de religiosas y misioneros en todo el mundo.<\/div>\n<div>\u00a0<\/div>\n<div>La estructura puede acoger a 34 personas y es administrada por las hermanas de la Madre Teresa de Calcuta como casa Don de Mar\u00eda.<\/div>\n<div>\u00a0<\/div>\n<div>Las religiosas tambi\u00e9n administran las casas en Termini y en el Celio, y como en aquellos lugares, para ser admitidos se debe pasar una entrevista y respetar ciertas reglas y horarios. La permanencia es de no m\u00e1s de 30 d\u00edas.<\/div>\n<div>\u00a0<\/div>\n<div>El desayuno y la cena son brindados por el Don de Mar\u00eda, mientras que las duchas son aquellas que ya fueron instaladas bajo la columnata.<\/div>\n<div>\u00a0<\/div>\n<div>La puerta es abierta por las hermanas vestidas con el sari, y quienes con una sonrisa no permiten el ingreso a quien no est\u00e1 autorizado. As\u00ed, desde el exterior se aprecia una m\u00e1xima discreci\u00f3n y de la puerta hacia adentro solo se puede ver una gran librer\u00eda y grandes ambientes blancos y bien iluminados. En ese sentido, para una visita durante las horas de cierre se debe pedir el permiso del Limosnero vaticano.<\/div>\n<div>\u00a0<\/div>\n<div>Se inform\u00f3 que lo casa se sostiene gracias a los donativos que proceden de la distribuci\u00f3n de bendiciones apost\u00f3licas para matrimonios y aniversarios que se distribuyen a trav\u00e9s de la Limosner\u00eda Apost\u00f3lica.<\/div>\n<div>\u00a0<\/div>\n<div>Fuente: aciprensa.com<\/div>\n<p><a href=\"http:\/\/web.hilo.org.pe\/wp-content\/uploads\/Vaticanoinauguradormitorios.jpg\" target=\"_blank\" rel=\"noopener\">Ver archivo adjunto<\/a><\/p>\n","protected":false},"excerpt":{"rendered":"<p>VATICANO,  (ACI).- ?Don de Misericordia?, es el nombre del dormitorio que desde hace casi una semana funciona en ?Via dei Penitenzieri?, a dos pasos de la Plaza de San Pedro, para acoger a las personas sin techo. La inauguraci?n fue el viernes pasado de manera reservada, sin presencia de la prensa.<\/p>\n","protected":false},"author":1,"featured_media":7903,"comment_status":"closed","ping_status":"closed","sticky":false,"template":"","format":"standard","meta":{"footnotes":""},"categories":[9],"tags":[],"class_list":["post-2539","post","type-post","status-publish","format-standard","has-post-thumbnail","hentry","category-noticias"],"_links":{"self":[{"href":"https:\/\/ceas.org.pe\/index.php\/wp-json\/wp\/v2\/posts\/2539","targetHints":{"allow":["GET"]}}],"collection":[{"href":"https:\/\/ceas.org.pe\/index.php\/wp-json\/wp\/v2\/posts"}],"about":[{"href":"https:\/\/ceas.org.pe\/index.php\/wp-json\/wp\/v2\/types\/post"}],"author":[{"embeddable":true,"href":"https:\/\/ceas.org.pe\/index.php\/wp-json\/wp\/v2\/users\/1"}],"replies":[{"embeddable":true,"href":"https:\/\/ceas.org.pe\/index.php\/wp-json\/wp\/v2\/comments?post=2539"}],"version-history":[{"count":1,"href":"https:\/\/ceas.org.pe\/index.php\/wp-json\/wp\/v2\/posts\/2539\/revisions"}],"predecessor-version":[{"id":6679,"href":"https:\/\/ceas.org.pe\/index.php\/wp-json\/wp\/v2\/posts\/2539\/revisions\/6679"}],"wp:featuredmedia":[{"embeddable":true,"href":"https:\/\/ceas.org.pe\/index.php\/wp-json\/wp\/v2\/media\/7903"}],"wp:attachment":[{"href":"https:\/\/ceas.org.pe\/index.php\/wp-json\/wp\/v2\/media?parent=2539"}],"wp:term":[{"taxonomy":"category","embeddable":true,"href":"https:\/\/ceas.org.pe\/index.php\/wp-json\/wp\/v2\/categories?post=2539"},{"taxonomy":"post_tag","embeddable":true,"href":"https:\/\/ceas.org.pe\/index.php\/wp-json\/wp\/v2\/tags?post=2539"}],"curies":[{"name":"wp","href":"https:\/\/api.w.org\/{rel}","templated":true}]}}