{"id":2526,"date":"2015-10-05T12:32:59","date_gmt":"2015-10-05T12:32:59","guid":{"rendered":""},"modified":"2026-03-11T09:12:09","modified_gmt":"2026-03-11T14:12:09","slug":"a-proposito-del-doa-del-periodista-el-comunicador-y-la-cultura-del-encuentro","status":"publish","type":"post","link":"https:\/\/ceas.org.pe\/index.php\/2015\/10\/05\/a-proposito-del-doa-del-periodista-el-comunicador-y-la-cultura-del-encuentro\/","title":{"rendered":"A prop\u00f3sito del D\u00f3a del Periodista: el comunicador y la cultura del encuentro"},"content":{"rendered":"<div>(Por: R.P. Guillermo Inca Pereda) \u00a0Este primero de octubre hemos celebrado el D\u00eda del Periodista, ocasi\u00f3n que nos permite reflexionar sobre la importante misi\u00f3n que tienen los hombres de prensa al hacernos llegar la informaci\u00f3n sincera y oportunamente.\u00a0<\/div>\n<div>\u00a0<\/div>\n<div>La Iglesia reconoce la importancia de su trabajo y sus funciones cuando dice por la voz del Papa Francisco: \u201cEn este mundo, los medios de comunicaci\u00f3n pueden ayudar a que nos sintamos m\u00e1s cercanos los unos de los otros, a que percibamos un renovado sentido de unidad de la familia humana que nos impulse a la solidaridad y al compromiso serio por una vida m\u00e1s digna para todos.\u00a0<\/div>\n<div>\u00a0<\/div>\n<div>Comunicar bien nos ayuda a conocernos mejor entre nosotros, a estar m\u00e1s unidos. Los muros que nos dividen solamente se pueden superar si estamos dispuestos a escuchar y a aprender los unos de los otros\u201d.<\/div>\n<div>\u00a0<\/div>\n<div>Del mismo modo nos advierte sobre los peligros que pueden haber si los medios distorsionan la realidad: \u201cCuando la comunicaci\u00f3n tiene como objetivo preponderante inducir al consumo o a la manipulaci\u00f3n de las personas, nos encontramos ante una agresi\u00f3n violenta como la que sufri\u00f3 el hombre apaleado por los bandidos y abandonado al borde del camino, como leemos en la par\u00e1bola.\u00a0<\/div>\n<div>\u00a0<\/div>\n<div>El levita y el sacerdote no ven en \u00e9l a su pr\u00f3jimo, sino a un extra\u00f1o de quien es mejor alejarse. En aquel tiempo, lo que les condicionaba eran las leyes de la purificaci\u00f3n ritual. Hoy corremos el riesgo de que algunos medios nos condicionen hasta el punto de hacernos ignorar a nuestro pr\u00f3jimo real\u201d.<\/div>\n<div>\u00a0<\/div>\n<div>La Iglesia mira positivamente y aprecia los Medios de Comunicaci\u00f3n. Resalta el valor de \u00e9stos para fomentar una cultura del encuentro: \u201cNecesitamos resolver las diferencias mediante formas de di\u00e1logo que nos permitan crecer en la comprensi\u00f3n y el respeto. La cultura del encuentro requiere que estemos dispuestos no s\u00f3lo a dar, sino tambi\u00e9n a recibir de los otros. Los medios de comunicaci\u00f3n pueden ayudarnos en esta tarea, especialmente hoy, cuando las redes de la comunicaci\u00f3n humana han alcanzado niveles de desarrollo inauditos\u201d.<\/div>\n<div>\u00a0<\/div>\n<div>Del mismo modo, como lo enfatiza El Santo Padre, el Papa Francisco, hay una profunda relaci\u00f3n entre la comunicaci\u00f3n y la familia. En su mensaje por la 49 Jornada Mundial 2015, nos dice: \u201cEl seno materno que \u00a0nos acoge es la primera \u00abescuela\u00bb de comunicaci\u00f3n, hecha de escucha y de contacto corp\u00f3reo, donde comenzamos a familiarizarnos con el mundo externo en un ambiente protegido y con el sonido tranquilizador del palpitar del coraz\u00f3n de la mam\u00e1\u201d.\u00a0<\/div>\n<div>\u00a0<\/div>\n<div>Y, a\u00f1ade: \u201cNosotros no inventamos las palabras: las podemos usar porque las hemos recibido. En la familia se aprende a hablar lalengua materna, es decir, la lengua de nuestros antepasados (cf. 2 M 7,25.27). Podemos dar porque hemos recibido, y este c\u00edrculo virtuoso est\u00e1 en el coraz\u00f3n de la capacidad de la familia de comunicarse y de comunicar; y, m\u00e1s en general, es el paradigma de toda comunicaci\u00f3n\u201d.<\/div>\n<div>\u00a0<\/div>\n<div>A todos los hermanos y hermanos periodistas nuestras sinceras felicitaciones y nuestra oraci\u00f3n para acompa\u00f1arlos en tan importante y delicada misi\u00f3n como es la de comunicar. (Fuente CEP)<\/div>\n<div>\u00a0<\/div>\n<p><a href=\"http:\/\/web.hilo.org.pe\/wp-content\/uploads\/Diadelperiodista.jpg\" target=\"_blank\" rel=\"noopener\">Ver archivo adjunto<\/a><\/p>\n","protected":false},"excerpt":{"rendered":"<p>(Por: R.P. Guillermo Inca Pereda)  Este primero de octubre hemos celebrado el D?a del Periodista, ocasi?n que nos permite reflexionar sobre la importante misi?n que tienen los hombres de prensa al hacernos llegar la informaci?n sincera y oportunamente.<\/p>\n","protected":false},"author":1,"featured_media":7862,"comment_status":"closed","ping_status":"closed","sticky":false,"template":"","format":"standard","meta":{"footnotes":""},"categories":[9],"tags":[],"class_list":["post-2526","post","type-post","status-publish","format-standard","has-post-thumbnail","hentry","category-noticias"],"_links":{"self":[{"href":"https:\/\/ceas.org.pe\/index.php\/wp-json\/wp\/v2\/posts\/2526","targetHints":{"allow":["GET"]}}],"collection":[{"href":"https:\/\/ceas.org.pe\/index.php\/wp-json\/wp\/v2\/posts"}],"about":[{"href":"https:\/\/ceas.org.pe\/index.php\/wp-json\/wp\/v2\/types\/post"}],"author":[{"embeddable":true,"href":"https:\/\/ceas.org.pe\/index.php\/wp-json\/wp\/v2\/users\/1"}],"replies":[{"embeddable":true,"href":"https:\/\/ceas.org.pe\/index.php\/wp-json\/wp\/v2\/comments?post=2526"}],"version-history":[{"count":1,"href":"https:\/\/ceas.org.pe\/index.php\/wp-json\/wp\/v2\/posts\/2526\/revisions"}],"predecessor-version":[{"id":6692,"href":"https:\/\/ceas.org.pe\/index.php\/wp-json\/wp\/v2\/posts\/2526\/revisions\/6692"}],"wp:featuredmedia":[{"embeddable":true,"href":"https:\/\/ceas.org.pe\/index.php\/wp-json\/wp\/v2\/media\/7862"}],"wp:attachment":[{"href":"https:\/\/ceas.org.pe\/index.php\/wp-json\/wp\/v2\/media?parent=2526"}],"wp:term":[{"taxonomy":"category","embeddable":true,"href":"https:\/\/ceas.org.pe\/index.php\/wp-json\/wp\/v2\/categories?post=2526"},{"taxonomy":"post_tag","embeddable":true,"href":"https:\/\/ceas.org.pe\/index.php\/wp-json\/wp\/v2\/tags?post=2526"}],"curies":[{"name":"wp","href":"https:\/\/api.w.org\/{rel}","templated":true}]}}