{"id":2523,"date":"2015-10-02T11:44:10","date_gmt":"2015-10-02T11:44:10","guid":{"rendered":""},"modified":"2026-03-11T09:12:09","modified_gmt":"2026-03-11T14:12:09","slug":"coritas-abancay-recibio-taller-de-capacitacion","status":"publish","type":"post","link":"https:\/\/ceas.org.pe\/index.php\/2015\/10\/02\/coritas-abancay-recibio-taller-de-capacitacion\/","title":{"rendered":"C\u00f3ritas Abancay recibi\u00f3 taller de capacitaci\u00f3n"},"content":{"rendered":"<p>Con el prop\u00f3sito de motivar, integrar y fortalecer las capacidades de sus colaboradores, C\u00e1ritas Abancay organiz\u00f3 los d\u00edas 23 y 24 de setiembre del presente, un taller de formaci\u00f3n para mejorar sus habilidades y procesos de gesti\u00f3n institucional.<\/p>\n<div>\u00a0<\/div>\n<div>Este taller cont\u00f3 con la presencia de dos representantes de C\u00e1ritas del Per\u00fa que fueron la Dra. Patricia Otero, Asesora Legal y la Lic. Karla Auza, Responsable de Imagen Institucional, quienes dieron a conocer temas ligados a la Doctrina Social de la Iglesia, Responsabilidad Social y Voluntariado, as\u00ed como manejo de informaci\u00f3n, registro fotogr\u00e1fico y uso adecuado de las redes sociales.<\/div>\n<div>\u00a0<\/div>\n<div>Participaron todos los colaboradores de C\u00e1ritas Abancay, encabezados por su Secretario General, David Pagaza Castillo.<\/div>\n<div>\u00a0<\/div>\n<div>Al finalizar el taller, los colaboradores expresaron su satisfacci\u00f3n por este tipo de actividades que los ayudan a adquirir conocimientos y herramientas para la mejora continua de su labor al servicio de los m\u00e1s necesitados.\u00a0<\/div>\n<div>\u00a0<\/div>\n<div>Fuente: caritas.org.pe<\/div>\n<p><a href=\"http:\/\/web.hilo.org.pe\/wp-content\/uploads\/Colaboradorescaritas.jpg\" target=\"_blank\" rel=\"noopener\">Ver archivo adjunto<\/a><\/p>\n","protected":false},"excerpt":{"rendered":"<p>Con el prop?sito de motivar, integrar y fortalecer las capacidades de sus colaboradores, C?ritas Abancay organiz? los d?as 23 y 24 de setiembre del presente, un taller de formaci?n para mejorar sus habilidades y procesos de gesti?n institucional.<\/p>\n","protected":false},"author":1,"featured_media":8012,"comment_status":"closed","ping_status":"closed","sticky":false,"template":"","format":"standard","meta":{"footnotes":""},"categories":[9],"tags":[],"class_list":["post-2523","post","type-post","status-publish","format-standard","has-post-thumbnail","hentry","category-noticias"],"_links":{"self":[{"href":"https:\/\/ceas.org.pe\/index.php\/wp-json\/wp\/v2\/posts\/2523","targetHints":{"allow":["GET"]}}],"collection":[{"href":"https:\/\/ceas.org.pe\/index.php\/wp-json\/wp\/v2\/posts"}],"about":[{"href":"https:\/\/ceas.org.pe\/index.php\/wp-json\/wp\/v2\/types\/post"}],"author":[{"embeddable":true,"href":"https:\/\/ceas.org.pe\/index.php\/wp-json\/wp\/v2\/users\/1"}],"replies":[{"embeddable":true,"href":"https:\/\/ceas.org.pe\/index.php\/wp-json\/wp\/v2\/comments?post=2523"}],"version-history":[{"count":1,"href":"https:\/\/ceas.org.pe\/index.php\/wp-json\/wp\/v2\/posts\/2523\/revisions"}],"predecessor-version":[{"id":6695,"href":"https:\/\/ceas.org.pe\/index.php\/wp-json\/wp\/v2\/posts\/2523\/revisions\/6695"}],"wp:featuredmedia":[{"embeddable":true,"href":"https:\/\/ceas.org.pe\/index.php\/wp-json\/wp\/v2\/media\/8012"}],"wp:attachment":[{"href":"https:\/\/ceas.org.pe\/index.php\/wp-json\/wp\/v2\/media?parent=2523"}],"wp:term":[{"taxonomy":"category","embeddable":true,"href":"https:\/\/ceas.org.pe\/index.php\/wp-json\/wp\/v2\/categories?post=2523"},{"taxonomy":"post_tag","embeddable":true,"href":"https:\/\/ceas.org.pe\/index.php\/wp-json\/wp\/v2\/tags?post=2523"}],"curies":[{"name":"wp","href":"https:\/\/api.w.org\/{rel}","templated":true}]}}