{"id":2520,"date":"2015-09-30T18:45:53","date_gmt":"2015-09-30T18:45:53","guid":{"rendered":""},"modified":"2026-03-11T09:12:09","modified_gmt":"2026-03-11T14:12:09","slug":"comunicacion-y-misericordia-temas-de-la-jornada-mundial-de-las-comunicaciones-sociales-2016","status":"publish","type":"post","link":"https:\/\/ceas.org.pe\/index.php\/2015\/09\/30\/comunicacion-y-misericordia-temas-de-la-jornada-mundial-de-las-comunicaciones-sociales-2016\/","title":{"rendered":"Comunicaci\u00f3n y misericordia: temas de la Jornada Mundial de las Comunicaciones Sociales 2016"},"content":{"rendered":"<p>Vaticano (EVARED) &#8211; El Vaticano hizo hoy p\u00fablico que \u00abComunicaci\u00f3n y Misericordia: un encuentro fecundo\u00bb ser\u00e1 el tema de la Jornada Mundial de las Comunicaciones Sociales del a\u00f1o 2016, que se celebrar\u00e1 el 8 de mayo. La elecci\u00f3n del tema de este a\u00f1o ha estado determinada por la celebraci\u00f3n del Jubileo Extraordinario de la Misericordia, una ocasi\u00f3n propicia para reflexionar sobre la sinergia profunda entre comunicaci\u00f3n y misericordia.<\/p>\n<p>\u00abLa Iglesia tiene la misi\u00f3n de anunciar la misericordia de Dios, coraz\u00f3n palpitante del Evangelio, que por su medio debe alcanzar la mente y el coraz\u00f3n de toda persona (&#8230;) Su lenguaje y sus gestos deben transmitir misericordia para penetrar en el coraz\u00f3n de las personas y motivarlas a reencontrar el camino de vuelta al Padre\u00bb, afirma el Papa en la Bula de Convocaci\u00f3n del A\u00f1o Jubilar, en el n\u00famero 12. En el contexto de una comunicaci\u00f3n que es momento constitutivo de la promoci\u00f3n de la cultura del encuentro.<\/p>\n<p>Seg\u00fan el Pontificio Consejo para las Comunicaciones Sociales, \u00abel tema subraya que una buena comunicaci\u00f3n puede abrir un espacio para el di\u00e1logo, para la comprensi\u00f3n rec\u00edproca y la reconciliaci\u00f3n, permitiendo de ese modo que florezcan encuentros humanos fecundos. En un momento en el que nuestra atenci\u00f3n se dirige a menudo a la naturaleza exasperada y judicante de muchos comentarios en los medios sociales. El tema nos recuerda el poder de las palabras y de los gestos para superar las incomprensiones, para curar las memorias, para construir la paz y la armon\u00eda.\u00bb.<\/p>\n<p>La Jornada Mundial de las Comunicaciones, \u00fanica jornada mundial establecida por el Concilio Vaticano II, se celebra en muchos pa\u00edses, por recomendaci\u00f3n de los obispos del mundo, el domingo anterior a la fiesta de Pentecost\u00e9s (el 8 de mayo en el 2016).<\/p>\n<p>El Mensaje del Santo Padre para la Jornada Mundial de las Comunicaciones Sociales se publica tradicionalmente en ocasi\u00f3n de la festividad de San Francisco de Sales, patrono de los periodistas (el 24 de enero).<\/p>\n<p>Fuente: radioevangelizacion.org<\/p>\n<p><a href=\"http:\/\/web.hilo.org.pe\/wp-content\/uploads\/20150930_Comunicacion.jpg\" target=\"_blank\" rel=\"noopener\">Ver archivo adjunto<\/a><\/p>\n","protected":false},"excerpt":{"rendered":"<p>Vaticano (EVARED) &#8211; El Vaticano hizo hoy p\u00fablico que \u00abComunicaci\u00f3n y Misericordia: un encuentro fecundo\u00bb ser\u00e1 el tema de la Jornada Mundial de las Comunicaciones Sociales del a\u00f1o 2016, que se celebrar\u00e1 el 8 de mayo.<\/p>\n","protected":false},"author":1,"featured_media":7931,"comment_status":"closed","ping_status":"closed","sticky":false,"template":"","format":"standard","meta":{"footnotes":""},"categories":[9],"tags":[],"class_list":["post-2520","post","type-post","status-publish","format-standard","has-post-thumbnail","hentry","category-noticias"],"_links":{"self":[{"href":"https:\/\/ceas.org.pe\/index.php\/wp-json\/wp\/v2\/posts\/2520","targetHints":{"allow":["GET"]}}],"collection":[{"href":"https:\/\/ceas.org.pe\/index.php\/wp-json\/wp\/v2\/posts"}],"about":[{"href":"https:\/\/ceas.org.pe\/index.php\/wp-json\/wp\/v2\/types\/post"}],"author":[{"embeddable":true,"href":"https:\/\/ceas.org.pe\/index.php\/wp-json\/wp\/v2\/users\/1"}],"replies":[{"embeddable":true,"href":"https:\/\/ceas.org.pe\/index.php\/wp-json\/wp\/v2\/comments?post=2520"}],"version-history":[{"count":1,"href":"https:\/\/ceas.org.pe\/index.php\/wp-json\/wp\/v2\/posts\/2520\/revisions"}],"predecessor-version":[{"id":6698,"href":"https:\/\/ceas.org.pe\/index.php\/wp-json\/wp\/v2\/posts\/2520\/revisions\/6698"}],"wp:featuredmedia":[{"embeddable":true,"href":"https:\/\/ceas.org.pe\/index.php\/wp-json\/wp\/v2\/media\/7931"}],"wp:attachment":[{"href":"https:\/\/ceas.org.pe\/index.php\/wp-json\/wp\/v2\/media?parent=2520"}],"wp:term":[{"taxonomy":"category","embeddable":true,"href":"https:\/\/ceas.org.pe\/index.php\/wp-json\/wp\/v2\/categories?post=2520"},{"taxonomy":"post_tag","embeddable":true,"href":"https:\/\/ceas.org.pe\/index.php\/wp-json\/wp\/v2\/tags?post=2520"}],"curies":[{"name":"wp","href":"https:\/\/api.w.org\/{rel}","templated":true}]}}