{"id":2513,"date":"2015-09-24T17:28:23","date_gmt":"2015-09-24T17:28:23","guid":{"rendered":""},"modified":"2026-03-11T09:12:10","modified_gmt":"2026-03-11T14:12:10","slug":"el-papa-en-estados-unidos-exhorta-combatir-ocualquier-tipo-de-fundamentalismoo","status":"publish","type":"post","link":"https:\/\/ceas.org.pe\/index.php\/2015\/09\/24\/el-papa-en-estados-unidos-exhorta-combatir-ocualquier-tipo-de-fundamentalismoo\/","title":{"rendered":"El Papa en Estados Unidos exhorta combatir \u00f3cualquier tipo de fundamentalismo\u00f3"},"content":{"rendered":"<p>El papa Francisco se convirti\u00f3 hoy en el primer pont\u00edfice en hablar ante el plenario del Congreso de los Estados Unidos, donde exhort\u00f3 a combatir \u201ccualquier tipo de fundamentalismo\u201d y llam\u00f3 a no dar la espalda a los \u201cvecinos\u201d que llegan a este pa\u00eds porque lo siguen considerando \u201cla tierra de los sue\u00f1os\u201d.<\/p>\n<p>\u201cUna Naci\u00f3n es considerada grande cuando defiende la libertad, como hizo Abraham Lincoln; cuando genera una cultura que permita a sus hombres \u2018so\u00f1ar\u2019 con plenitud de derechos para sus hermanos y hermanas, como intent\u00f3 hacer Martin Luther King; cuando lucha por la justicia y la causa de los oprimidos, como hizo Dorothy Day en su incesante trabajo; siendo fruto de una fe que se hace di\u00e1logo y siembra paz, al estilo contemplativo de Thomas Merton\u201d, sintetiz\u00f3.\u00a0<\/p>\n<div>\u00a0\u00a0<\/div>\n<div>El papa Francisco agradeci\u00f3 hoy a los legisladores estadounidenses que lo hayan invitado a dirigir la palabra en esta sesi\u00f3n conjunta del Congreso en \u201cla tierra de los libres y en la patria de los valientes\u201d, al convertirse en el primer pont\u00edfice en la historia en hablar ante el plenario del congreso.\u00a0<\/div>\n<div>\u00a0<\/div>\n<div>El pont\u00edfice, que fue aplaudido de pie por los congresistas, fundament\u00f3 su discurso en el trabajo y abnegaci\u00f3n de \u201calgunos ilustres norteamericanos: Abraham Lincoln, Martin Luther King, Dorothy Day y Thomas Merton.\u00a0<\/div>\n<div>\u00a0<\/div>\n<div>El Santo Padre expres\u00f3 su preocupaci\u00f3n por \u201cla inquietante situaci\u00f3n social y pol\u00edtica de nuestro tiempo\u201d y advirti\u00f3 que \u201cel mundo es cada vez m\u00e1s un lugar de conflictos violentos, de odio nocivo, de sangrienta atrocidad, cometida incluso en el nombre de Dios y de la religi\u00f3n. Somos conscientes de que ninguna religi\u00f3n es inmune a diversas formas de aberraci\u00f3n individual o de extremismo ideol\u00f3gico\u201d.\u00a0<\/div>\n<div>\u00a0<\/div>\n<div>Tras considerar que \u201cnos urge a estar atentos frente a cualquier tipo de fundamentalismo de \u00edndole religiosa o del tipo que fuere\u201d, exhort\u00f3 a \u201ccombatir la violencia perpetrada bajo el nombre de una religi\u00f3n, una ideolog\u00eda, o un sistema econ\u00f3mico y, al mismo tiempo, proteger la libertad de las religiones, de las ideas, de las personas, lo cual requiere un delicado equilibrio en el que tenemos que trabajar\u201d.\u00a0<\/div>\n<div>\u00a0<\/div>\n<div>Francisco pidi\u00f3 tambi\u00e9n no caer en la tentaci\u00f3n del \u201creduccionismo simplista que divide la realidad en buenos y malos; perm\u00edtanme usar la expresi\u00f3n: en justos y pecadores. El mundo contempor\u00e1neo con sus heridas, que sangran en tantos hermanos nuestros, nos convoca a afrontar todas las polarizaciones que pretenden dividirlo en dos bandos\u201d.\u00a0<\/div>\n<div>\u00a0<\/div>\n<div>\u201cSabemos que en el af\u00e1n de querer liberarnos del enemigo exterior podemos caer en la tentaci\u00f3n de ir alimentando al enemigo interior. Copiar el odio y la violencia del tirano y del asesino es la mejor manera de ocupar su lugar. A eso este pueblo dice: No. Nuestra respuesta, en cambio, es de esperanza y de reconciliaci\u00f3n, de paz y de justicia\u201d, afirm\u00f3.\u00a0<\/div>\n<div>\u00a0<\/div>\n<div>El Papa sostuvo que la cooperaci\u00f3n es \u201cun potente instrumento en la lucha por erradicar las nuevas formas mundiales de esclavitud, que son fruto de grandes injusticias que pueden ser superadas s\u00f3lo con nuevas pol\u00edticas y consensos sociales\u201d.\u00a0<\/div>\n<div>\u00a0<\/div>\n<div>Tras subrayar que la pol\u00edtica \u201cno puede ser esclava de la econom\u00eda y de las finanzas\u201d, expres\u00f3 su alegr\u00eda de que \u201cEstados Unidos siga siendo para muchos la tierra de los \u2018sue\u00f1os\u2019\u201d, pero lament\u00f3 que los derechos de los inmigrantes \u201cno siempre fueron respetados\u201d en este pa\u00eds.\u00a0<\/div>\n<div>\u00a0<\/div>\n<div>Al hablarles como hijo de inmigrantes, el pont\u00edfice argentino consider\u00f3 que \u201ccuando el extranjero nos interpela, no podemos cometer los pecados y los errores del pasado\u201d y elegir \u201cla posibilidad de vivir ahora en el mundo m\u00e1s noble y justo posible, mientras formamos las nuevas generaciones, con una educaci\u00f3n que no puede dar nunca la espalda a los \u2018vecinos\u2019, a todo lo que nos rodea\u201d.\u00a0<\/div>\n<div>\u00a0<\/div>\n<div>\u201cConstruir una naci\u00f3n nos lleva a pensarnos siempre en relaci\u00f3n con otros, saliendo de la l\u00f3gica de enemigo para pasar a la l\u00f3gica de la rec\u00edproca subsidiaridad, dando lo mejor de nosotros. Conf\u00edo que lo haremos\u201d, manifest\u00f3.\u00a0<\/div>\n<div>\u00a0<\/div>\n<div>Al referirse a la crisis de los refugiados, el Santo Padre reclam\u00f3 \u201cno dejarse intimidar por los n\u00fameros, m\u00e1s bien mirar a las personas, sus rostros, escuchar sus historias mientras luchamos por asegurarles nuestra mejor respuesta a su situaci\u00f3n. Una respuesta que siempre ser\u00e1 humana, justa y fraterna. Cuid\u00e9monos de una tentaci\u00f3n contempor\u00e1nea: descartar todo lo que moleste\u201d.\u00a0<\/div>\n<div>\u00a0<\/div>\n<div>Francisco se uni\u00f3 al llamamiento de los obispos estadounidenses para la abolici\u00f3n de la pena capital y alent\u00f3 a \u201ccuantos est\u00e1n convencidos de que una pena justa y necesaria nunca debe excluir la dimensi\u00f3n de la esperanza y el objetivo de la rehabilitaci\u00f3n\u201d.\u00a0<\/div>\n<div>\u00a0<\/div>\n<div>Asimismo, destac\u00f3 lo mucho que se ha trabajado \u201cen estos primeros a\u00f1os del tercer milenio para sacar a las personas de la extrema pobreza\u201d, pero alert\u00f3 que \u201ctodav\u00eda se debe hacer mucho m\u00e1s y que, en momentos de crisis y de dificultad econ\u00f3mica, no se puede perder el esp\u00edritu de solidaridad internacional\u201d.\u00a0<\/div>\n<div>\u00a0<\/div>\n<div>El Papa record\u00f3 \u201ccu\u00e1n cercanos a nosotros est\u00e1n hoy los prisioneros de la trampa de la pobreza\u201d, pero consider\u00f3 que \u201ctambi\u00e9n a estas personas debemos ofrecerles esperanza. La lucha contra la pobreza y el hambre ha de ser combatida constantemente, en sus muchos frentes, especialmente en las causas que las provocan. S\u00e9 que gran parte del pueblo norteamericano hoy, como ha sucedido en el pasado, est\u00e1 haci\u00e9ndole frente a este problema\u201d.\u00a0<\/div>\n<div>\u00a0<\/div>\n<div>\u201cNo es necesario repetir que parte de este gran trabajo est\u00e1 constituido por la creaci\u00f3n y distribuci\u00f3n de la riqueza. El justo uso de los recursos naturales, la aplicaci\u00f3n de soluciones tecnol\u00f3gicas y la gu\u00eda del esp\u00edritu emprendedor son parte indispensable de una econom\u00eda que busca ser moderna pero especialmente solidaria y sustentable\u201d, puntualiz\u00f3 citanto luego la enc\u00edclica Laudato si\u2019.\u00a0<\/div>\n<div>\u00a0<\/div>\n<div>Francisco volvi\u00f3 a reconocer, aludiendo a la reanudaci\u00f3n de las relaciones con Cuba, \u201clos esfuerzos que se han realizado en los \u00faltimos meses y que ayudan a superar las hist\u00f3ricas diferencias ligadas a dolorosos episodios del pasado\u201d.\u00a0<\/div>\n<div>\u00a0<\/div>\n<div>\u201cEs mi deber construir puentes y ayudar lo m\u00e1s posible a que todos los hombres y mujeres puedan hacerlo. Cuando pa\u00edses que han estado en conflicto retoman el camino del di\u00e1logo, que podr\u00eda haber estado interrumpido por motivos leg\u00edtimos, se abren nuevos horizontes para todos. Esto ha requerido y requiere coraje, audacia, lo cual no significa falta de responsabilidad\u201d, asever\u00f3.\u00a0<\/div>\n<div>\u00a0<\/div>\n<div>Francisco volvi\u00f3 a hacer hincapi\u00e9 en la figura de \u201ctres hijos y una hija de esta tierra, cuatro personas, cuatro sue\u00f1os: Abraham Lincoln, la libertad; Martin Luther King, una libertad que se vive en la pluralidad y la no exclusi\u00f3n; Dorothy Day, la justicia social y los derechos de las personas; y Thomas Merton, la capacidad de di\u00e1logo y la apertura a Dios. Cuatro representantes del pueblo norteamericano\u201d.\u00a0<\/div>\n<div>\u00a0<\/div>\n<div>El Papa record\u00f3 que terminar\u00e1 su visita a Estados Unidos en Filadelfia, donde participara en el Encuentro Mundial de las Familias, para \u201cconfirmar no s\u00f3lo la importancia, sino por sobre todo, la riqueza y la belleza de vivir en familia\u201d.\u00a0<\/div>\n<div>\u00a0<\/div>\n<div>\u201cUna Naci\u00f3n es considerada grande cuando defiende la libertad, como hizo Abraham Lincoln; cuando genera una cultura que permita a sus hombres \u00abso\u00f1ar\u00bb con plenitud de derechos para sus hermanos y hermanas, como intent\u00f3 hacer Martin Luther King; cuando lucha por la justicia y la causa de los oprimidos, como hizo Dorothy Day en su incesante trabajo; siendo fruto de una fe que se hace di\u00e1logo y siembra paz, al estilo contemplativo de Thomas Merton\u201d, subray\u00f3.\u00a0<\/div>\n<div>\u00a0<\/div>\n<div>Por \u00faltimo, Francisco dijo que \u201cme he animado a esbozar algunas de las riquezas de su patrimonio cultural, del alma de su pueblo. Me gustar\u00eda que esta alma siga tomando forma y crezca, para que los j\u00f3venes puedan heredar y vivir en una tierra que ha permitido a muchos so\u00f1ar. Que Dios bendiga a Am\u00e9rica\u201d.<\/div>\n<div>\u00a0<\/div>\n<div>Fuente: aica.org<\/div>\n<p><a href=\"http:\/\/web.hilo.org.pe\/wp-content\/uploads\/Papa francisco.jpg\" target=\"_blank\" rel=\"noopener\">Ver archivo adjunto<\/a><\/p>\n","protected":false},"excerpt":{"rendered":"<p>El papa Francisco se convirti? hoy en el primer pont?fice en hablar ante el plenario del Congreso de los Estados Unidos, donde exhort? a combatir ?cualquier tipo de fundamentalismo? y llam? a no dar la espalda a los ?vecinos? que llegan a este pa?s porque lo siguen considerando ?la tierra de los sue?os?.<\/p>\n","protected":false},"author":1,"featured_media":7874,"comment_status":"closed","ping_status":"closed","sticky":false,"template":"","format":"standard","meta":{"footnotes":""},"categories":[9],"tags":[],"class_list":["post-2513","post","type-post","status-publish","format-standard","has-post-thumbnail","hentry","category-noticias"],"_links":{"self":[{"href":"https:\/\/ceas.org.pe\/index.php\/wp-json\/wp\/v2\/posts\/2513","targetHints":{"allow":["GET"]}}],"collection":[{"href":"https:\/\/ceas.org.pe\/index.php\/wp-json\/wp\/v2\/posts"}],"about":[{"href":"https:\/\/ceas.org.pe\/index.php\/wp-json\/wp\/v2\/types\/post"}],"author":[{"embeddable":true,"href":"https:\/\/ceas.org.pe\/index.php\/wp-json\/wp\/v2\/users\/1"}],"replies":[{"embeddable":true,"href":"https:\/\/ceas.org.pe\/index.php\/wp-json\/wp\/v2\/comments?post=2513"}],"version-history":[{"count":1,"href":"https:\/\/ceas.org.pe\/index.php\/wp-json\/wp\/v2\/posts\/2513\/revisions"}],"predecessor-version":[{"id":6705,"href":"https:\/\/ceas.org.pe\/index.php\/wp-json\/wp\/v2\/posts\/2513\/revisions\/6705"}],"wp:featuredmedia":[{"embeddable":true,"href":"https:\/\/ceas.org.pe\/index.php\/wp-json\/wp\/v2\/media\/7874"}],"wp:attachment":[{"href":"https:\/\/ceas.org.pe\/index.php\/wp-json\/wp\/v2\/media?parent=2513"}],"wp:term":[{"taxonomy":"category","embeddable":true,"href":"https:\/\/ceas.org.pe\/index.php\/wp-json\/wp\/v2\/categories?post=2513"},{"taxonomy":"post_tag","embeddable":true,"href":"https:\/\/ceas.org.pe\/index.php\/wp-json\/wp\/v2\/tags?post=2513"}],"curies":[{"name":"wp","href":"https:\/\/api.w.org\/{rel}","templated":true}]}}