{"id":2510,"date":"2015-09-23T14:34:19","date_gmt":"2015-09-23T14:34:19","guid":{"rendered":""},"modified":"2026-03-11T09:12:10","modified_gmt":"2026-03-11T14:12:10","slug":"mensaje-por-doa-internacional-contra-la-trata-de-personas","status":"publish","type":"post","link":"https:\/\/ceas.org.pe\/index.php\/2015\/09\/23\/mensaje-por-doa-internacional-contra-la-trata-de-personas\/","title":{"rendered":"Mensaje por D\u00f3a Internacional contra la Trata de Personas"},"content":{"rendered":"<div>Con motivo de conmemorarse hoy 23 de setiembre el \u201cD\u00eda Nacional contra la trata de personas y el tr\u00e1fico de migrantes\u201d, la Iglesia en el Per\u00fa ha publicado un mensaje donde hacen un llamado al Pueblo Dios para hacer frente a este terrible flagelo que afecta la dignidad de la persona.<\/div>\n<div>\u00a0<\/div>\n<div>El mensaje est\u00e1 firmado por Monse\u00f1or Salvador Pi\u00f1eiro, Arzobispo de Ayacucho y Presidente de la Conferencia Episcopal Peruana; y por Monse\u00f1or Daniel Turley Murphy, OSA., \u00a0Obispo de Chulucanas y Presidente de la Secci\u00f3n de Movilidad Humana.<\/div>\n<div>\u00a0<\/div>\n<div>Ambos prelados se\u00f1alan que \u201cen comuni\u00f3n con el magisterio del Papa Francisco\u201d, los Obispos del Per\u00fa, en su misi\u00f3n de guiar y custodiar al Pueblo de Dios \u201chacemos un llamado a las diversas realidades eclesiales, para que junto a sus Pastores, busquen formas creativas para que en su accionar evangelizador estas realidades sean contempladas, bien en el plano preventivo como en la asistencia\u201d.<\/div>\n<div>\u00a0<\/div>\n<div>\u201cDe igual modo, hacemos un llamado a todos los diversos estamentos del Estado para que en uni\u00f3n con los esfuerzos de diversas organizaciones de la sociedad civil y la Iglesia, podamos dise\u00f1ar de forma conjunta, estrategias que permitan seguir combatiendo estos delitos que hieren el Cuerpo de Cristo\u201d, dicen los Obispos.<\/div>\n<div>\u00a0<\/div>\n<div>Los Obispos finalmente recuerdan a todos que Dios nos pedir\u00e1 cuentas a cada uno de nosotros: \u201c\u00bfQu\u00e9 has hecho con tu hermano?\u201d (cf. Gn 4, 9-10) por ello nos piden ser \u201cart\u00edfices de la globalizaci\u00f3n de la solidaridad y la fraternidad\u201d, que rompa el frio de la indiferencia y reanime la caridad en todos nosotros.<\/div>\n<div>\u00a0<\/div>\n<div><a href=\"http:\/\/www.iglesiacatolica.org.pe\/cep_prensa\/archivo_documentos\/mensaje-por-dia-nacional-contra-trata-personas-2015.pdf\" target=\"_blank\">Ver mensaje<\/a><\/div>\n<div>\u00a0<\/div>\n<div>\u00a0<\/div>\n<p><a href=\"http:\/\/web.hilo.org.pe\/wp-content\/uploads\/LOGO-CONFERENCIA-EPISCOPAL-PERUANA.jpg\" target=\"_blank\" rel=\"noopener\">Ver archivo adjunto<\/a><\/p>\n","protected":false},"excerpt":{"rendered":"<p>Con motivo de conmemorarse hoy 23 de setiembre el ?D?a Nacional contra la trata de personas y el tr?fico de migrantes?, la Iglesia en el Per? ha publicado un mensaje donde hacen un llamado al Pueblo Dios para hacer frente a este terrible flagelo que afecta la dignidad de la persona.<\/p>\n","protected":false},"author":1,"featured_media":7973,"comment_status":"closed","ping_status":"closed","sticky":false,"template":"","format":"standard","meta":{"footnotes":""},"categories":[9],"tags":[],"class_list":["post-2510","post","type-post","status-publish","format-standard","has-post-thumbnail","hentry","category-noticias"],"_links":{"self":[{"href":"https:\/\/ceas.org.pe\/index.php\/wp-json\/wp\/v2\/posts\/2510","targetHints":{"allow":["GET"]}}],"collection":[{"href":"https:\/\/ceas.org.pe\/index.php\/wp-json\/wp\/v2\/posts"}],"about":[{"href":"https:\/\/ceas.org.pe\/index.php\/wp-json\/wp\/v2\/types\/post"}],"author":[{"embeddable":true,"href":"https:\/\/ceas.org.pe\/index.php\/wp-json\/wp\/v2\/users\/1"}],"replies":[{"embeddable":true,"href":"https:\/\/ceas.org.pe\/index.php\/wp-json\/wp\/v2\/comments?post=2510"}],"version-history":[{"count":1,"href":"https:\/\/ceas.org.pe\/index.php\/wp-json\/wp\/v2\/posts\/2510\/revisions"}],"predecessor-version":[{"id":6708,"href":"https:\/\/ceas.org.pe\/index.php\/wp-json\/wp\/v2\/posts\/2510\/revisions\/6708"}],"wp:featuredmedia":[{"embeddable":true,"href":"https:\/\/ceas.org.pe\/index.php\/wp-json\/wp\/v2\/media\/7973"}],"wp:attachment":[{"href":"https:\/\/ceas.org.pe\/index.php\/wp-json\/wp\/v2\/media?parent=2510"}],"wp:term":[{"taxonomy":"category","embeddable":true,"href":"https:\/\/ceas.org.pe\/index.php\/wp-json\/wp\/v2\/categories?post=2510"},{"taxonomy":"post_tag","embeddable":true,"href":"https:\/\/ceas.org.pe\/index.php\/wp-json\/wp\/v2\/tags?post=2510"}],"curies":[{"name":"wp","href":"https:\/\/api.w.org\/{rel}","templated":true}]}}