{"id":2508,"date":"2015-09-23T14:04:28","date_gmt":"2015-09-23T14:04:28","guid":{"rendered":""},"modified":"2026-03-11T09:12:10","modified_gmt":"2026-03-11T14:12:10","slug":"caritas-de-abancay-ejecuta-proyecto-de-mujeres-y-comercializacion-de-flores","status":"publish","type":"post","link":"https:\/\/ceas.org.pe\/index.php\/2015\/09\/23\/caritas-de-abancay-ejecuta-proyecto-de-mujeres-y-comercializacion-de-flores\/","title":{"rendered":"Caritas de Abancay ejecuta proyecto de mujeres y comercializaci\u00f3n de flores"},"content":{"rendered":"<p>La Instituci\u00f3n Caritas de Abancay realizo la presentaci\u00f3n del proyecto: \u201cMujeres organizadas mejoran su actividad econ\u00f3mica a trav\u00e9s de la comercializaci\u00f3n de flores en la comunidad de Lla\u00f1ucancha \u2013 provincia de Abancay, qui\u00e9n ejecutar\u00e1 el proyecto con el fin de contribuir al desarrollo productivo alternativo de las familias y fortalecer las capacidades, implementaci\u00f3n y la promoci\u00f3n del modelo de sistema de producci\u00f3n \u00a0del cultivo de flores, lo que permite promover la mejora de la productividad y calidad de estos productos para colocar en el mercado en forma competitiva y generar mayores ingresos familiares en la comunidad Lla\u00f1ucancha.<\/p>\n<p>Dicho proyecto ha sido presentado por la Di\u00f3cesis y Caritas de Abancay a la Conferencia Episcopal Italiana, qui\u00e9n nos ha \u00a0financiado parte del presupuesto. El cu\u00e1l se ejecutar\u00e1 en ocho meses.<\/p>\n<div>Las familias est\u00e1n contentas con el proyecto ya que ser\u00e1n beneficiadas y tendr\u00e1n ingresos en beneficio de sus familias.<\/div>\n<div>\u00a0<\/div>\n<div>Fuente: caritasabancay.org<\/div>\n<p><a href=\"http:\/\/web.hilo.org.pe\/wp-content\/uploads\/Caritas.JPG\" target=\"_blank\" rel=\"noopener\">Ver archivo adjunto<\/a><\/p>\n","protected":false},"excerpt":{"rendered":"<p>La Instituci?n Caritas de Abancay realizo la presentaci?n del proyecto: ?Mujeres organizadas mejoran su actividad econ?mica a trav?s de la comercializaci?n de flores en la comunidad de Lla?ucancha ? provincia de Abancay, qui?n ejecutar? el proyecto con el fin de contribuir al desarrollo productivo alternativo de las familias y fortalecer las capacidades, implementaci?n y la promoci?n del modelo de sistema de producci?n  del cultivo de flores, lo que permite promover la mejora de la productividad y calidad de estos productos para colocar en el mercado en forma competitiva y generar mayores ingresos familiares en la comunidad Lla?ucancha.<\/p>\n","protected":false},"author":1,"featured_media":7878,"comment_status":"closed","ping_status":"closed","sticky":false,"template":"","format":"standard","meta":{"footnotes":""},"categories":[9],"tags":[],"class_list":["post-2508","post","type-post","status-publish","format-standard","has-post-thumbnail","hentry","category-noticias"],"_links":{"self":[{"href":"https:\/\/ceas.org.pe\/index.php\/wp-json\/wp\/v2\/posts\/2508","targetHints":{"allow":["GET"]}}],"collection":[{"href":"https:\/\/ceas.org.pe\/index.php\/wp-json\/wp\/v2\/posts"}],"about":[{"href":"https:\/\/ceas.org.pe\/index.php\/wp-json\/wp\/v2\/types\/post"}],"author":[{"embeddable":true,"href":"https:\/\/ceas.org.pe\/index.php\/wp-json\/wp\/v2\/users\/1"}],"replies":[{"embeddable":true,"href":"https:\/\/ceas.org.pe\/index.php\/wp-json\/wp\/v2\/comments?post=2508"}],"version-history":[{"count":1,"href":"https:\/\/ceas.org.pe\/index.php\/wp-json\/wp\/v2\/posts\/2508\/revisions"}],"predecessor-version":[{"id":6710,"href":"https:\/\/ceas.org.pe\/index.php\/wp-json\/wp\/v2\/posts\/2508\/revisions\/6710"}],"wp:featuredmedia":[{"embeddable":true,"href":"https:\/\/ceas.org.pe\/index.php\/wp-json\/wp\/v2\/media\/7878"}],"wp:attachment":[{"href":"https:\/\/ceas.org.pe\/index.php\/wp-json\/wp\/v2\/media?parent=2508"}],"wp:term":[{"taxonomy":"category","embeddable":true,"href":"https:\/\/ceas.org.pe\/index.php\/wp-json\/wp\/v2\/categories?post=2508"},{"taxonomy":"post_tag","embeddable":true,"href":"https:\/\/ceas.org.pe\/index.php\/wp-json\/wp\/v2\/tags?post=2508"}],"curies":[{"name":"wp","href":"https:\/\/api.w.org\/{rel}","templated":true}]}}