{"id":2507,"date":"2015-09-22T14:10:18","date_gmt":"2015-09-22T14:10:18","guid":{"rendered":""},"modified":"2026-03-11T09:12:10","modified_gmt":"2026-03-11T14:12:10","slug":"trujillo-iglesia-y-autoridades-unidas-ante-fenomeno-oel-niooo","status":"publish","type":"post","link":"https:\/\/ceas.org.pe\/index.php\/2015\/09\/22\/trujillo-iglesia-y-autoridades-unidas-ante-fenomeno-oel-niooo\/","title":{"rendered":"Trujillo: Iglesia y autoridades unidas ante fen\u00f3meno \u00f3El Ni\u00f3o\u00f3"},"content":{"rendered":"<p>Las autoridades de Trujillo y la Regi\u00f3n La libertad en pleno se reunieron con el Arzobispo de Trujillo, Mons. Miguel Cabrejos Vidarte OFM, con el prop\u00f3sito de coordinar las acciones de prevenci\u00f3n e invocar la participaci\u00f3n de la poblaci\u00f3n para enfrentar juntos los posibles efectos del fen\u00f3meno El Ni\u00f1o.<\/p>\n<div>\u00a0<\/div>\n<div>El prelado trujillano, quien convoc\u00f3 este importante encuentro, agradeci\u00f3 a los presentes por su participaci\u00f3n y felicit\u00f3 su esp\u00edritu de compromiso. Asimismo, les record\u00f3 las palabras del Papa Francisco: \u201cEl servicio nunca es ideol\u00f3gico, ya que no sirve a las ideas, sino que sirve a las personas\u201d, por lo que \u201cquien no vive para servir, no sirve para vivir\u201d.<\/div>\n<div>\u00a0<\/div>\n<div>De otro lado, hizo una fuerte invocaci\u00f3n para que se culminen lo m\u00e1s pronto las acciones de prevenci\u00f3n en la costa y en la sierra, lo mismo que la reubicaci\u00f3n efectiva de las poblaciones ubicadas en zonas de alto riesgo, teniendo en cuenta el valor supremo de la vida y la ayuda que se debe prestar a las personas en pobreza y extrema pobreza.<\/div>\n<div>\u00a0<\/div>\n<div>Inform\u00f3 que ha dispuesto que la organizaci\u00f3n eclesial, a trav\u00e9s de las parroquias y sus instituciones, se ponga al servicio de las acciones de prevenci\u00f3n. \u201cSe est\u00e1n organizando el voluntariado con la Pastoral Juvenil y las diferentes instituciones eclesiales de la Arquidi\u00f3cesis para ayudar en las situaciones de emergencia\u201d, dijo.<\/div>\n<div>\u00a0<\/div>\n<div>A su turno, el Gobernador Regional, C\u00e9sar Acu\u00f1a, resalt\u00f3 la unidad de las autoridades en esta tarea; mientras que el Alcalde de Trujillo, Elidio Espinoza salud\u00f3 la convocatoria del Arzobispo y pidi\u00f3 mayor flexibilizaci\u00f3n de las normas para preservar el patrimonio de la ciudad.<\/div>\n<div>\u00a0<\/div>\n<div>En tanto, el Presidente de la Corte Superior de Justicia, Carlos Cruz plante\u00f3 que se debe revisar la normativa referente a la protecci\u00f3n del patrimonio adecu\u00e1ndola a la realidad de ciudades expuestas ante fen\u00f3menos naturales como \u201cEl Ni\u00f1o\u201d.<\/div>\n<div>\u00a0<\/div>\n<div>Al final del encuentro, el Arzobispo de Trujillo exhort\u00f3 a todas las personas e instituciones a trabajar juntos y estar debidamente preparados para afrontar la posible emergencia que podr\u00eda ocasionar este fen\u00f3meno clim\u00e1tico.<\/div>\n<div>\u00a0<\/div>\n<div>En este encuentro tambi\u00e9n participaron el Presidente de la Junta de Fiscales Superiores La Libertad, jefe de la Regi\u00f3n Policial La Libertad, asimismo, el representante de la Defensor\u00eda del Pueblo, el Decano del Colegio de Periodistas, alcaldes distritales, funcionarios y representantes de diversas instituciones.<\/div>\n<div>\u00a0<\/div>\n<div>Fuente: arzobispadodetrujillo.org<\/div>\n<p><a href=\"http:\/\/web.hilo.org.pe\/wp-content\/uploads\/Iglesiaautoridades.jpg\" target=\"_blank\" rel=\"noopener\">Ver archivo adjunto<\/a><\/p>\n","protected":false},"excerpt":{"rendered":"<p>Las autoridades de Trujillo y la Regi?n La libertad en pleno se reunieron con el Arzobispo de Trujillo, Mons. Miguel Cabrejos Vidarte OFM, con el prop?sito de coordinar las acciones de prevenci?n e invocar la participaci?n de la poblaci?n para enfrentar juntos los posibles efectos del fen?meno El Ni?o.<\/p>\n","protected":false},"author":1,"featured_media":7848,"comment_status":"closed","ping_status":"closed","sticky":false,"template":"","format":"standard","meta":{"footnotes":""},"categories":[9],"tags":[],"class_list":["post-2507","post","type-post","status-publish","format-standard","has-post-thumbnail","hentry","category-noticias"],"_links":{"self":[{"href":"https:\/\/ceas.org.pe\/index.php\/wp-json\/wp\/v2\/posts\/2507","targetHints":{"allow":["GET"]}}],"collection":[{"href":"https:\/\/ceas.org.pe\/index.php\/wp-json\/wp\/v2\/posts"}],"about":[{"href":"https:\/\/ceas.org.pe\/index.php\/wp-json\/wp\/v2\/types\/post"}],"author":[{"embeddable":true,"href":"https:\/\/ceas.org.pe\/index.php\/wp-json\/wp\/v2\/users\/1"}],"replies":[{"embeddable":true,"href":"https:\/\/ceas.org.pe\/index.php\/wp-json\/wp\/v2\/comments?post=2507"}],"version-history":[{"count":1,"href":"https:\/\/ceas.org.pe\/index.php\/wp-json\/wp\/v2\/posts\/2507\/revisions"}],"predecessor-version":[{"id":6711,"href":"https:\/\/ceas.org.pe\/index.php\/wp-json\/wp\/v2\/posts\/2507\/revisions\/6711"}],"wp:featuredmedia":[{"embeddable":true,"href":"https:\/\/ceas.org.pe\/index.php\/wp-json\/wp\/v2\/media\/7848"}],"wp:attachment":[{"href":"https:\/\/ceas.org.pe\/index.php\/wp-json\/wp\/v2\/media?parent=2507"}],"wp:term":[{"taxonomy":"category","embeddable":true,"href":"https:\/\/ceas.org.pe\/index.php\/wp-json\/wp\/v2\/categories?post=2507"},{"taxonomy":"post_tag","embeddable":true,"href":"https:\/\/ceas.org.pe\/index.php\/wp-json\/wp\/v2\/tags?post=2507"}],"curies":[{"name":"wp","href":"https:\/\/api.w.org\/{rel}","templated":true}]}}