{"id":2503,"date":"2015-09-19T10:20:29","date_gmt":"2015-09-19T10:20:29","guid":{"rendered":""},"modified":"2026-03-11T09:12:10","modified_gmt":"2026-03-11T14:12:10","slug":"cultura-digital-y-medios-sociales-son-prioridad-para-la-pastoral-juvenil-en-amorica-latina","status":"publish","type":"post","link":"https:\/\/ceas.org.pe\/index.php\/2015\/09\/19\/cultura-digital-y-medios-sociales-son-prioridad-para-la-pastoral-juvenil-en-amorica-latina\/","title":{"rendered":"Cultura digital y medios sociales son prioridad para la Pastoral Juvenil en Am\u00f3rica Latina"},"content":{"rendered":"<div>El Centro de Formaci\u00f3n Monse\u00f1or Leonidas Proa\u00f1o, en Quito (Ecuador), acoge el XIII Encuentro de la Red Latinoamericana de Centros e Institutos de Pastoral Juvenil, que inici\u00f3 el 13 y concluye el pr\u00f3ximo 19 de septiembre, con la participaci\u00f3n de representantes de nueve Instituciones de Am\u00e9rica Latina, el Caribe y los Estados Unidos, que comparten la misi\u00f3n de formar agentes de pastoral para liderar y acompa\u00f1ar los procesos de evangelizaci\u00f3n de, con y para las juventudes.\u00a0<\/div>\n<div>\u00a0<\/div>\n<div>El Encuentro, convocado por el Departamento de Familia, Vida y Juventud del CELAM, aborda como tem\u00e1tica central una acuciante interpelaci\u00f3n: \u201c\u00bfC\u00f3mo hacer disc\u00edpulos misioneros de Jesucristo en el siglo XXI en el contexto de los medios sociales y la cultura digital?\u201d. En este sentido, el prop\u00f3sito fundamental del Encuentro apunta a la profundizaci\u00f3n del an\u00e1lisis de los medios sociales, la cultura digital y su influencia en la vida de las juventudes en el Continente.<\/div>\n<div>\u00a0<\/div>\n<div>La promoci\u00f3n del intercambio de experiencias de los Centros e Institutos, la vivencia de espacios para compartir la fe a trav\u00e9s de la oraci\u00f3n y la eucarist\u00eda, y la construcci\u00f3n de acuerdos, as\u00ed como el establecimiento de compromisos que se incorporen en el proceso de formaci\u00f3n y en el acompa\u00f1amiento que realiza cada Instituto, posibilitar\u00e1 significativos avances para la Pastoral Juvenil Latinoamericana y Caribe\u00f1a, al tiempo que fortalecer\u00e1 los v\u00ednculos de la Red y su relaci\u00f3n con el CELAM.<\/div>\n<div>\u00a0<\/div>\n<div>Participan en el Encuentro representantes de Institutos y Centros de Pastoral Juvenil de siete pa\u00edses: SEPI \u2013 Instituto Pastoral del Sureste (Estados Unidos), Instituto Arquidiocesano San Juan Pablo II (Honduras), Casa de la Juventud (Rep\u00fablica Dominicana), IPJV \u2013 Instituto de Pastoral Juvenil de Venezuela (Venezuela), CCJ \u2013 Centro de Capacita\u00e7\u00e3o da Juventude (Brasil), Centro de Juventude Anchietanum (Brasil), IPADEJ \u2013 Instituto de \u00a0Pastoral y Desarrollo Juvenil (Per\u00fa), Centro de Formaci\u00f3n Monse\u00f1or Leonidas Proa\u00f1o (Ecuador) y el Departamento de Familia, Vida y Juventud del Consejo Episcopal Latinoamericano \u2013 CELAM.<\/div>\n<div>\u00a0<\/div>\n<div>\u00d3SCAR ELIZALDE PRADA<\/div>\n<div>FUENTE: DPTO. FAMILIA, VIDA Y JUVENTUD DEL CELAM<\/div>\n<p><a href=\"http:\/\/web.hilo.org.pe\/wp-content\/uploads\/culturadigital.jpg\" target=\"_blank\" rel=\"noopener\">Ver archivo adjunto<\/a><\/p>\n","protected":false},"excerpt":{"rendered":"<p>\u00a0El Centro de Formaci\u00f3n Monse\u00f1or Leonidas Proa\u00f1o, en Quito (Ecuador), acoge el XIII Encuentro de la Red Latinoamericana de Centros e Institutos de Pastoral Juvenil, que inici\u00f3 el 13 y concluye el pr\u00f3ximo 19 de septiembre, con la participaci\u00f3n de representantes de nueve Instituciones de Am\u00e9rica Latina, el Caribe y los Estados Unidos, que comparten la misi\u00f3n de formar agentes de pastoral para liderar y acompa\u00f1ar los procesos de evangelizaci\u00f3n de, con y para las juventudes.\u00a0<\/p>\n","protected":false},"author":1,"featured_media":8077,"comment_status":"closed","ping_status":"closed","sticky":false,"template":"","format":"standard","meta":{"footnotes":""},"categories":[9],"tags":[],"class_list":["post-2503","post","type-post","status-publish","format-standard","has-post-thumbnail","hentry","category-noticias"],"_links":{"self":[{"href":"https:\/\/ceas.org.pe\/index.php\/wp-json\/wp\/v2\/posts\/2503","targetHints":{"allow":["GET"]}}],"collection":[{"href":"https:\/\/ceas.org.pe\/index.php\/wp-json\/wp\/v2\/posts"}],"about":[{"href":"https:\/\/ceas.org.pe\/index.php\/wp-json\/wp\/v2\/types\/post"}],"author":[{"embeddable":true,"href":"https:\/\/ceas.org.pe\/index.php\/wp-json\/wp\/v2\/users\/1"}],"replies":[{"embeddable":true,"href":"https:\/\/ceas.org.pe\/index.php\/wp-json\/wp\/v2\/comments?post=2503"}],"version-history":[{"count":1,"href":"https:\/\/ceas.org.pe\/index.php\/wp-json\/wp\/v2\/posts\/2503\/revisions"}],"predecessor-version":[{"id":6715,"href":"https:\/\/ceas.org.pe\/index.php\/wp-json\/wp\/v2\/posts\/2503\/revisions\/6715"}],"wp:featuredmedia":[{"embeddable":true,"href":"https:\/\/ceas.org.pe\/index.php\/wp-json\/wp\/v2\/media\/8077"}],"wp:attachment":[{"href":"https:\/\/ceas.org.pe\/index.php\/wp-json\/wp\/v2\/media?parent=2503"}],"wp:term":[{"taxonomy":"category","embeddable":true,"href":"https:\/\/ceas.org.pe\/index.php\/wp-json\/wp\/v2\/categories?post=2503"},{"taxonomy":"post_tag","embeddable":true,"href":"https:\/\/ceas.org.pe\/index.php\/wp-json\/wp\/v2\/tags?post=2503"}],"curies":[{"name":"wp","href":"https:\/\/api.w.org\/{rel}","templated":true}]}}