{"id":2502,"date":"2015-09-19T10:11:04","date_gmt":"2015-09-19T10:11:04","guid":{"rendered":""},"modified":"2026-03-11T09:12:10","modified_gmt":"2026-03-11T14:12:10","slug":"agenda-del-viaje-del-papa-francisco-a-cuba-y-estados-unidos","status":"publish","type":"post","link":"https:\/\/ceas.org.pe\/index.php\/2015\/09\/19\/agenda-del-viaje-del-papa-francisco-a-cuba-y-estados-unidos\/","title":{"rendered":"Agenda del viaje del Papa Francisco a Cuba y Estados Unidos"},"content":{"rendered":"<p>Nueve intensos d\u00edas de encuentros, visitas, celebraciones, pronunciamientos y, con toda seguridad, gestos del papa Francisco, entre la isla de Cuba en el Caribe y Estados Unidos en Norteam\u00e9rica, atraer\u00e1n la mirada y los corazones del mundo, entre el 19 y el 28 de septiembre de 2015.<\/p>\n<div>\u00a0<\/div>\n<div>Unos d\u00edas antes de iniciar el hist\u00f3rico viaje del Papa, la oficina de prensa de la Santa Sede ha dado a conocer la programaci\u00f3n detallada:<\/div>\n<div><strong><br \/>\n<\/strong><\/div>\n<div><strong>S\u00e1bado 19 de septiembre<\/strong><\/div>\n<div>\u00a0<\/div>\n<div>10:15 Salida desde el aeropuerto de Fiumicino de Roma.<\/div>\n<div>\u00a0<\/div>\n<div>16:00 Llegada a La Habana y Ceremonia de bienvenida en el Aeropuerto Jos\u00e9 Mart\u00ed.\u00a0<\/div>\n<div><strong><br \/>\n<\/strong><\/div>\n<div><strong>Domingo 20 de septiembre<\/strong><\/div>\n<div>\u00a0<\/div>\n<div>9:00 Santa Misa y \u00c1ngelus en la Plaza de la Revoluci\u00f3n en La Habana.<\/div>\n<div>\u00a0<\/div>\n<div>16:00 Visita al Presidente de Cuba y al Consejo de ministros en el Palacio de la Revoluci\u00f3n en La Habana.<\/div>\n<div>\u00a0<\/div>\n<div>17:15 Celebraci\u00f3n de las V\u00edsperas con sacerdotes, religiosos, religiosas y seminaristas en la Catedral de La Habana.<\/div>\n<div>\u00a0<\/div>\n<div>20:30 Encuentro con j\u00f3venes en el Centro Cultural Padre F\u00e9lix Varela.<\/div>\n<div>\u00a0<\/div>\n<div><strong>Lunes 21 de septiembre<\/strong><\/div>\n<div>\u00a0<\/div>\n<div>8:00 Salida desde el aeropuerto Jos\u00e9 Mart\u00ed hacia Holgu\u00edn.<\/div>\n<div>\u00a0<\/div>\n<div>9:20 Llegada al aeropuerto Frank Pa\u00eds, en Holgu\u00edn.<\/div>\n<div>\u00a0<\/div>\n<div>10:30 Santa Misa en la Plaza de la Revoluci\u00f3n en Holgu\u00edn.<\/div>\n<div>\u00a0<\/div>\n<div>15:45 Francisco bendice la ciudad desde la Loma de la Cruz.<\/div>\n<div>\u00a0<\/div>\n<div>16:40 Parte desde el aeropuerto de Frank Pa\u00eds hacia Santiago de Cuba.<\/div>\n<div>\u00a0<\/div>\n<div>17:30 Llegada al aeropuerto Antonio Maceo, en Santiago de Cuba.<\/div>\n<div>\u00a0<\/div>\n<div>19:00 Encuentro con los obispos en el seminario de San Basilio Magno<\/div>\n<div>\u00a0<\/div>\n<div>19:45 Oraci\u00f3n a Nuestra Se\u00f1ora de la Caridad con los obispos y en la bas\u00edlica menor del Santuario de la Virgen de la Caridad del Cobre, en Santiago.<\/div>\n<div>\u00a0<\/div>\n<div><strong>Martes 22 de septiembre<\/strong><\/div>\n<div>\u00a0<\/div>\n<div>8:00 Santa misa en la bas\u00edlica menor del Santuario de la Virgen de la Caridad del Cobre.<\/div>\n<div>\u00a0<\/div>\n<div>11:00 Encuentro con familias en la catedral de Nuestra Se\u00f1ora de la Asunci\u00f3n y bendici\u00f3n de la ciudad de Santiago.<\/div>\n<div>\u00a0<\/div>\n<div>12:15 Ceremonia de despedida en el aeropuerto Antonio Maceo, y salida hacia Washington D.C.<\/div>\n<div>\u00a0<\/div>\n<div>16:00 Llegada a Washington D.C. y recibimiento en la Fuerza A\u00e9rea de Andrews.<\/div>\n<div>\u00a0<\/div>\n<div><strong>Mi\u00e9rcoles 23 de septiembre<\/strong><\/div>\n<div>\u00a0<\/div>\n<div>9:15 Ceremonia de bienvenida en el Jard\u00edn Sur de la Casa Blanca. Francisco har\u00e1 un discurso y tiene un encuentro con el presidente Obama.<\/div>\n<div>\u00a0<\/div>\n<div>11:00 Encuentro con obispos de Estados Unidos en la Catedral de San Mateo.<\/div>\n<div>\u00a0<\/div>\n<div>16:15 Santa Misa para la canonizaci\u00f3n de Fray Jun\u00edpero Serra en el Santuario Nacional de la Inmaculada Concepci\u00f3n.\u00a0<\/div>\n<div>\u00a0<\/div>\n<div><strong>Jueves 24 de septiembre<\/strong><\/div>\n<div>\u00a0<\/div>\n<div>9:20 El Papa visita el Congreso de los Estados Unidos.<\/div>\n<div>\u00a0<\/div>\n<div>11:15 Encuentro con personas sin hogar en el centro caritativo de la parroquia de San Patricio.<\/div>\n<div>\u00a0<\/div>\n<div>16:00 Salida en avi\u00f3n desde Washington D.C. hacia Nueva York.<\/div>\n<div>\u00a0<\/div>\n<div>17:00 Llegada al aeropuerto JFK de Nueva York.<\/div>\n<div>\u00a0<\/div>\n<div>18:45 Francisco celebra las V\u00edsperas con sacerdotes, religiosos y religiosas en la Catedral de San Patricio.<\/div>\n<div>\u00a0<\/div>\n<div><strong>Viernes 25 de septiembre<\/strong><\/div>\n<div>\u00a0<\/div>\n<div>8:30 Francisco pronuncia un discurso en la sede de las Naciones Unidas en Nueva York.<\/div>\n<div>\u00a0<\/div>\n<div>11:30 El Papa participa en un encuentro interreligioso en el Ground Zero Memorial.<\/div>\n<div>\u00a0<\/div>\n<div>16:00 Francisco visita la escuela Nuestra Se\u00f1ora Reina de los \u00c1ngeles y se re\u00fane con familias de inmigrantes en Harlem.<\/div>\n<div>\u00a0<\/div>\n<div>18:00 Santa Misa en el Madison Square Garden.<\/div>\n<div>\u00a0<\/div>\n<div><strong>S\u00e1bado 26 de septiembre<\/strong><\/div>\n<div>\u00a0<\/div>\n<div>8:40 Salida desde Nueva York hacia Filadelfia.<\/div>\n<div>\u00a0<\/div>\n<div>9:30 Llegada al Aeropuerto Internacional de Filadelfia.<\/div>\n<div>\u00a0<\/div>\n<div>10:10 Santa Misa con obispos, clero, religiosos y religiosas de Pennsylvania en la Catedral de los Santos Pedro y Pablo en Filadelfia.<\/div>\n<div>\u00a0<\/div>\n<div>16:45 Encuentro con la comunidad hispana y otros inmigrantes en el Centro Comercial Independencia en Filadelfia.\u00a0<\/div>\n<div>\u00a0<\/div>\n<div>19:30 Fiesta de las Familias y vigilia de oraci\u00f3n en el B. Franklin Parkway en Filadelfia.<\/div>\n<div>\u00a0<\/div>\n<div><strong>Domingo 27 de septiembre<\/strong><\/div>\n<div>\u00a0<\/div>\n<div>9:15 Encuentro con los obispos invitados al Encuentro Mundial de las Familias en el Seminario St. Charles Borromeo en Filadelfia.<\/div>\n<div>\u00a0<\/div>\n<div>11:00 Visita a los presos del Instituto Correccional Curran-Fromhold en Filadelfia.<\/div>\n<div>\u00a0<\/div>\n<div>16:00 Santa Misa para clausurar el octavo Encuentro Mundial de las Familias en el B. Franklin Parkway en Filadelfia.<\/div>\n<div>\u00a0<\/div>\n<div>19:00 Encuentro con el Comit\u00e9 organizador, los voluntarios y benefactores en el Aeropuerto Internacional de Filadelfia.<\/div>\n<div>\u00a0<\/div>\n<div>19:45 Ceremonia de despedida y regreso a Roma.<\/div>\n<div>\u00a0<\/div>\n<div><strong>Lunes 28 de septiembre<\/strong><\/div>\n<div>\u00a0<\/div>\n<div>10:00 Llegada al aeropuerto de Ciampino en Roma.<\/div>\n<div>\u00a0<\/div>\n<div>Fuente: Zenit.org<\/div>\n<div>Foto: informandoyformando.org<\/div>\n<p><a href=\"http:\/\/web.hilo.org.pe\/wp-content\/uploads\/Agendapapa.jpg\" target=\"_blank\" rel=\"noopener\">Ver archivo adjunto<\/a><\/p>\n","protected":false},"excerpt":{"rendered":"<p>Nueve intensos d?as de encuentros, visitas, celebraciones, pronunciamientos y, con toda seguridad, gestos del papa Francisco, entre la isla de Cuba en el Caribe y Estados Unidos en Norteam?rica, atraer?n la mirada y los corazones del mundo, entre el 19 y el 28 de septiembre de 2015.<\/p>\n","protected":false},"author":1,"featured_media":7855,"comment_status":"closed","ping_status":"closed","sticky":false,"template":"","format":"standard","meta":{"footnotes":""},"categories":[9],"tags":[],"class_list":["post-2502","post","type-post","status-publish","format-standard","has-post-thumbnail","hentry","category-noticias"],"_links":{"self":[{"href":"https:\/\/ceas.org.pe\/index.php\/wp-json\/wp\/v2\/posts\/2502","targetHints":{"allow":["GET"]}}],"collection":[{"href":"https:\/\/ceas.org.pe\/index.php\/wp-json\/wp\/v2\/posts"}],"about":[{"href":"https:\/\/ceas.org.pe\/index.php\/wp-json\/wp\/v2\/types\/post"}],"author":[{"embeddable":true,"href":"https:\/\/ceas.org.pe\/index.php\/wp-json\/wp\/v2\/users\/1"}],"replies":[{"embeddable":true,"href":"https:\/\/ceas.org.pe\/index.php\/wp-json\/wp\/v2\/comments?post=2502"}],"version-history":[{"count":1,"href":"https:\/\/ceas.org.pe\/index.php\/wp-json\/wp\/v2\/posts\/2502\/revisions"}],"predecessor-version":[{"id":6716,"href":"https:\/\/ceas.org.pe\/index.php\/wp-json\/wp\/v2\/posts\/2502\/revisions\/6716"}],"wp:featuredmedia":[{"embeddable":true,"href":"https:\/\/ceas.org.pe\/index.php\/wp-json\/wp\/v2\/media\/7855"}],"wp:attachment":[{"href":"https:\/\/ceas.org.pe\/index.php\/wp-json\/wp\/v2\/media?parent=2502"}],"wp:term":[{"taxonomy":"category","embeddable":true,"href":"https:\/\/ceas.org.pe\/index.php\/wp-json\/wp\/v2\/categories?post=2502"},{"taxonomy":"post_tag","embeddable":true,"href":"https:\/\/ceas.org.pe\/index.php\/wp-json\/wp\/v2\/tags?post=2502"}],"curies":[{"name":"wp","href":"https:\/\/api.w.org\/{rel}","templated":true}]}}