{"id":2494,"date":"2015-09-14T13:45:50","date_gmt":"2015-09-14T13:45:50","guid":{"rendered":""},"modified":"2026-03-11T09:12:10","modified_gmt":"2026-03-11T14:12:10","slug":"el-papa-francisco-y-su-visita-a-cuba-y-estados-unidos","status":"publish","type":"post","link":"https:\/\/ceas.org.pe\/index.php\/2015\/09\/14\/el-papa-francisco-y-su-visita-a-cuba-y-estados-unidos\/","title":{"rendered":"El Papa Francisco y su visita a Cuba y Estados Unidos"},"content":{"rendered":"<div>La Santa Sede present\u00f3 el programa oficial de la visita del Papa Francisco a Cuba y Estados Unidos que se realizar\u00e1 del 19 al 27 de setiembre. Presentamos el itinerario del Santo Padre:<\/div>\n<div>\u00a0<\/div>\n<div>El Papa Francisco saldr\u00e1 del Vaticano el s\u00e1bado 19 y llegar\u00e1 ese mismo d\u00eda al aeropuerto internacional Jos\u00e9 Mart\u00ed de La Habana donde ser\u00e1 recibido con una ceremonia de bienvenida. Luego, el domingo 20, a las 9:00 a.m. (hora local), oficiar\u00e1 una Santa Misa en la Plaza de la Revoluci\u00f3n de La Habana. Ese mismo d\u00eda, visitar\u00e1 al Presidente del Consejo de Estado y del Consejo de Ministros de la Rep\u00fablica en el Palacio de la Revoluci\u00f3n de La Habana, y tambi\u00e9n celebrar\u00e1 las V\u00edsperas con sacerdotes, religiosos, religiosas y seminaristas en la Catedral de La Habana, y saludar\u00e1 a los j\u00f3venes del Centro Cultural Padre F\u00e9lix Varela de La Habana.<\/div>\n<div>\u00a0<\/div>\n<div>En tanto, el lunes 21 de setiembre, el Papa se dirigir\u00e1 de La Habana hacia Holgu\u00edn, donde a las 10:30 horas (local) presidir\u00e1 una Santa Misa en la Plaza de la Revoluci\u00f3n de Holgu\u00edn. Luego, a las 15:45 horas dar\u00e1 la Bendici\u00f3n de la ciudad desde la Loma de la Cruz de Holgu\u00edn, para luego viajara a la ciudad de Santiago. All\u00ed, tendr\u00e1 un encuentro con los Obispos, en el Seminario San Basilio Magno de Santiago. Posteriormente, dirigir\u00e1 la oraci\u00f3n a la Virgen de la Caridad, con los obispos y el s\u00e9quito papal en la Bas\u00edlica menor del Santuario de la Virgen de la Caridad del Cobre, en Santiago de Cuba.<\/div>\n<div>\u00a0<\/div>\n<div>Finalmente, el martes 22, a las 8:00 horas, el Santo Padre presidir\u00e1 la Santa Misa en la Bas\u00edlica menor del Santuario de la Virgen de la Caridad del Cobre, y a las 11:00 horas tendr\u00e1 un encuentro con las familias en la Catedral de Nuestra Se\u00f1ora de la Asunci\u00f3n, en Santiago de Cuba. Despu\u00e9s dirigir\u00e1 la bendici\u00f3n de la ciudad desde el exterior de la Catedral de Santiago de Cuba, para luego, dirigirse al aeropuerto y trasladarse a Estados Unidos.<\/div>\n<div>\u00a0<\/div>\n<div>En Estados Unidos, el Papa llegar\u00e1 a la Andrews Air Force Base de Washington D.C. Luego, el mi\u00e9rcoles 23 de setiembre, a las 9:15 horas, se realizar\u00e1 la Ceremonia de bienvenida en el South Lawn de la Casa Blanca con la visita de cortes\u00eda al Presidente de los Estados Unidos de Am\u00e9rica. Posteriormente, el Santo Padre sostendr\u00e1 un encuentro con los Obispos de los Estados Unidos en la Catedral de San Mateo de Washington D.C. Ese mismo d\u00eda, a las 16:15 horas, el Papa presidir\u00e1 la Santa Misa y canonizaci\u00f3n del beato Jun\u00edpero Serra, en el Santuario nacional de la Inmaculada Concepci\u00f3n de Washington D.C.<\/div>\n<div>\u00a0<\/div>\n<div>En tanto, el jueves 24, el Papa Francisco visita al Congreso de los Estados Unidos y el Centro Caritativo de la Parroquia de St. Patrick en Washington D.C. Una vez culminada la jornada, se dirigir\u00e1 en avi\u00f3n a la ciudad de Nueva York, donde celebrar\u00e1 las V\u00edsperas con el clero, religiosos y religiosas en la Catedral de San Patricio de Nueva York.<\/div>\n<div>\u00a0<\/div>\n<div>El viernes 25 de setiembre, el Santo Padre visitar\u00e1 la Sede de la Organizaci\u00f3n de las Naciones Unidas y sostendr\u00e1 un encuentro interreligioso en el memorial del Ground Zero, en Nueva York. Luego, visitar\u00e1 la escuela Nuestra Se\u00f1ora Reina de los \u00c1ngeles para tener un encuentro con ni\u00f1os y familias de inmigrantes, en Nueva York, y finalmente, celebrar una Santa Misa en el Madison Square Garden.<\/div>\n<div>\u00a0<\/div>\n<div>El s\u00e1bado 26, por la ma\u00f1ana, el Pont\u00edfice se dirigir\u00e1 en avi\u00f3n hacia Filadelfia. All\u00ed celebrar\u00e1 una Santa Misa con obispos, sacerdotes, religiosos y religiosas de Pensilvania en la Catedral de San Pedro y San Pablo de Filadelfia. Tambi\u00e9n sostendr\u00e1 un encuentro para la libertad religiosa con la comunidad hispana y otros inmigrantes en el Independence Mall de Filadelfia.\u00a0<\/div>\n<div>\u00a0<\/div>\n<div>Finalmente, el domingo 27 de setiembre, el Papa sostendr\u00e1 un encuentro con los obispos invitados al Encuentro Mundial de las Familias en el Seminario San Carlos Borromeo de Filadelfia y visitar\u00e1 a los presos del Instituto Correccional Curran-Fromhold de Filadelfia. Por la tarde, el Santo Padre presidir\u00e1 la Santa Misa de clausura del VIII Encuentro Mundial de las Familias, en el B. Franklin Parkway de Filadelfia. Una vez concluida estas actividades el Papa emprender\u00e1 su viaje de regreso a Roma. (Fuente: CEP)<\/div>\n<p><a href=\"http:\/\/web.hilo.org.pe\/wp-content\/uploads\/Papavisitacuba.jpg\" target=\"_blank\" rel=\"noopener\">Ver archivo adjunto<\/a><\/p>\n","protected":false},"excerpt":{"rendered":"<p>La Santa Sede present? el programa oficial de la visita del Papa Francisco a Cuba y Estados Unidos que se realizar? del 19 al 27 de setiembre. Presentamos el itinerario del Santo Padre:<\/p>\n","protected":false},"author":1,"featured_media":7855,"comment_status":"closed","ping_status":"closed","sticky":false,"template":"","format":"standard","meta":{"footnotes":""},"categories":[9],"tags":[],"class_list":["post-2494","post","type-post","status-publish","format-standard","has-post-thumbnail","hentry","category-noticias"],"_links":{"self":[{"href":"https:\/\/ceas.org.pe\/index.php\/wp-json\/wp\/v2\/posts\/2494","targetHints":{"allow":["GET"]}}],"collection":[{"href":"https:\/\/ceas.org.pe\/index.php\/wp-json\/wp\/v2\/posts"}],"about":[{"href":"https:\/\/ceas.org.pe\/index.php\/wp-json\/wp\/v2\/types\/post"}],"author":[{"embeddable":true,"href":"https:\/\/ceas.org.pe\/index.php\/wp-json\/wp\/v2\/users\/1"}],"replies":[{"embeddable":true,"href":"https:\/\/ceas.org.pe\/index.php\/wp-json\/wp\/v2\/comments?post=2494"}],"version-history":[{"count":1,"href":"https:\/\/ceas.org.pe\/index.php\/wp-json\/wp\/v2\/posts\/2494\/revisions"}],"predecessor-version":[{"id":6724,"href":"https:\/\/ceas.org.pe\/index.php\/wp-json\/wp\/v2\/posts\/2494\/revisions\/6724"}],"wp:featuredmedia":[{"embeddable":true,"href":"https:\/\/ceas.org.pe\/index.php\/wp-json\/wp\/v2\/media\/7855"}],"wp:attachment":[{"href":"https:\/\/ceas.org.pe\/index.php\/wp-json\/wp\/v2\/media?parent=2494"}],"wp:term":[{"taxonomy":"category","embeddable":true,"href":"https:\/\/ceas.org.pe\/index.php\/wp-json\/wp\/v2\/categories?post=2494"},{"taxonomy":"post_tag","embeddable":true,"href":"https:\/\/ceas.org.pe\/index.php\/wp-json\/wp\/v2\/tags?post=2494"}],"curies":[{"name":"wp","href":"https:\/\/api.w.org\/{rel}","templated":true}]}}