{"id":2493,"date":"2015-09-14T13:44:07","date_gmt":"2015-09-14T13:44:07","guid":{"rendered":""},"modified":"2026-03-11T09:12:10","modified_gmt":"2026-03-11T14:12:10","slug":"prelatura-de-juli-realizo-marcha-por-la-vida-la-familia-y-la-paz","status":"publish","type":"post","link":"https:\/\/ceas.org.pe\/index.php\/2015\/09\/14\/prelatura-de-juli-realizo-marcha-por-la-vida-la-familia-y-la-paz\/","title":{"rendered":"Prelatura de Juli realiz\u00f3 marcha por la vida, la familia y la paz"},"content":{"rendered":"<div>Con mucha alegr\u00eda y entusiasmo, m\u00e1s de tres mil fieles venidos de diferentes comunidades campesinas de la Prelatura de Juli participaron en una Marcha por la Vida, la Familia y la Paz.\u00a0<\/div>\n<div>\u00a0<\/div>\n<div>Este a\u00f1o la marcha se realiz\u00f3 en dos fechas y lugares de la Prelatura: en la zona norte, se realiz\u00f3 el jueves 3 de setiembre, en el distrito de Taraco; mientras que en la zona sur, se realiz\u00f3 el viernes 4 en el distrito de Pomata. Con carteles en mano fueron llegando las numerosas delegaciones del Altiplano Peruano, con arengas a favor de la Vida, de la Familia natural y de la Paz.<\/div>\n<div>\u00a0<\/div>\n<div>La marcha comenz\u00f3 con la Santa Misa presidida por el Vicario General de la Prelatura, Monse\u00f1or Fernando Samaniego, qui\u00e9n alent\u00f3 a los fieles a no dejarse enga\u00f1ar por propuestas infames en contra de la vida y de la familia, frente a una cultura del descarte donde se pretende aprobar leyes que vulneran el derecho a la vida y vulneran el derecho de los ni\u00f1os de tener la ternura de una madre y la protecci\u00f3n de un padre.<\/div>\n<div>\u00a0<\/div>\n<div>Recordemos que en la primera convocatoria del a\u00f1o pasado acudieron al llamado del mas de dos mil fieles, como el a\u00f1o pasado, este a\u00f1o termin\u00f3 la marcha con un festival musical por la Vida y la Familia, a cargo del canta autor peruano Luis Enrique Ascoy y su banda sin futuro, en la zona centro de la Prelatura en el distrito de Acora tambi\u00e9n se realiz\u00f3 dicho festival con cientos de fieles. (Fuente: CEP)<\/div>\n<p><a href=\"http:\/\/web.hilo.org.pe\/wp-content\/uploads\/Prelaturadejuli.jpg\" target=\"_blank\" rel=\"noopener\">Ver archivo adjunto<\/a><\/p>\n","protected":false},"excerpt":{"rendered":"<p>Con mucha alegr\u00eda y entusiasmo, m\u00e1s de tres mil fieles venidos de diferentes comunidades campesinas de la Prelatura de Juli participaron en una Marcha por la Vida, la Familia y la Paz.\u00a0<\/p>\n","protected":false},"author":1,"featured_media":7864,"comment_status":"closed","ping_status":"closed","sticky":false,"template":"","format":"standard","meta":{"footnotes":""},"categories":[9],"tags":[],"class_list":["post-2493","post","type-post","status-publish","format-standard","has-post-thumbnail","hentry","category-noticias"],"_links":{"self":[{"href":"https:\/\/ceas.org.pe\/index.php\/wp-json\/wp\/v2\/posts\/2493","targetHints":{"allow":["GET"]}}],"collection":[{"href":"https:\/\/ceas.org.pe\/index.php\/wp-json\/wp\/v2\/posts"}],"about":[{"href":"https:\/\/ceas.org.pe\/index.php\/wp-json\/wp\/v2\/types\/post"}],"author":[{"embeddable":true,"href":"https:\/\/ceas.org.pe\/index.php\/wp-json\/wp\/v2\/users\/1"}],"replies":[{"embeddable":true,"href":"https:\/\/ceas.org.pe\/index.php\/wp-json\/wp\/v2\/comments?post=2493"}],"version-history":[{"count":1,"href":"https:\/\/ceas.org.pe\/index.php\/wp-json\/wp\/v2\/posts\/2493\/revisions"}],"predecessor-version":[{"id":6725,"href":"https:\/\/ceas.org.pe\/index.php\/wp-json\/wp\/v2\/posts\/2493\/revisions\/6725"}],"wp:featuredmedia":[{"embeddable":true,"href":"https:\/\/ceas.org.pe\/index.php\/wp-json\/wp\/v2\/media\/7864"}],"wp:attachment":[{"href":"https:\/\/ceas.org.pe\/index.php\/wp-json\/wp\/v2\/media?parent=2493"}],"wp:term":[{"taxonomy":"category","embeddable":true,"href":"https:\/\/ceas.org.pe\/index.php\/wp-json\/wp\/v2\/categories?post=2493"},{"taxonomy":"post_tag","embeddable":true,"href":"https:\/\/ceas.org.pe\/index.php\/wp-json\/wp\/v2\/tags?post=2493"}],"curies":[{"name":"wp","href":"https:\/\/api.w.org\/{rel}","templated":true}]}}