{"id":2491,"date":"2015-09-10T18:54:00","date_gmt":"2015-09-10T18:54:00","guid":{"rendered":""},"modified":"2026-03-11T09:12:10","modified_gmt":"2026-03-11T14:12:10","slug":"cusco-curso-sobre-los-retos-de-la-enseoanza-de-la-religion-hoy","status":"publish","type":"post","link":"https:\/\/ceas.org.pe\/index.php\/2015\/09\/10\/cusco-curso-sobre-los-retos-de-la-enseoanza-de-la-religion-hoy\/","title":{"rendered":"Cusco: curso sobre los retos de la ense\u00f3anza de la religi\u00f3n hoy"},"content":{"rendered":"<p>Ayer, en el marco del desarrollo del \u201cI Curso de Formaci\u00f3n sobre los retos de la ense\u00f1anza de la religi\u00f3n en la actualidad\u201d, el Arzobispo del Cusco, Mons. Richard Daniel Alarc\u00f3n Urrutia, en el acto de apertura, salud\u00f3 de primera instancia, la dedicaci\u00f3n y profesionalismo puestos en la organizaci\u00f3n del evento, por parte del Centro Arquidiocesano de Apoyo a la Familia (CEAFAMILIA) y la Oficina Diocesana de Educaci\u00f3n Cat\u00f3lica del Cusco (ODEC), que de antemano garantiza el \u00e9xito y el logro de sus objetivos.<\/p>\n<div>\u00a0<\/div>\n<div>En su alocuci\u00f3n, Mons. Richard Daniel Alarc\u00f3n Urrutia, resalt\u00f3 la importancia de la interrelaci\u00f3n que existe entre la familia y la educaci\u00f3n religiosa, en este cambio de \u00e9poca donde debemos buscar la mejor forma de evangelizar, transmitiendo los valores para el bien de nuestra sociedad, la necesidad de esa nueva evangelizaci\u00f3n a la que se refer\u00eda el Papa San Juan Pablo II, aplicando principios adaptadas a una nueva \u00e9poca.<\/div>\n<div>\u00a0<\/div>\n<div>\u00a0El Arzobispo del Cusco, asegur\u00f3 que luego del S\u00ednodo de la Familia, del c\u00f3mo llevar el evangelio a la familia, el siguiente paso ser\u00e1 la educaci\u00f3n cristiana, caminos nuevos que debemos ir buscando para evangelizar, reestructurando el m\u00e9todo, el lenguaje, aunque el contenido siga siendo el mismo. \u00a0Dijo que es esto, precisamente, lo que se ir\u00e1 haciendo en este \u201cI Curso de Formaci\u00f3n sobre los retos de la ense\u00f1anza de la religi\u00f3n en la actualidad\u201d, que se desarrollar\u00e1 durante cuatro d\u00edas, en el Auditorio de la Caja Municipal del Cusco, ubicada en la Av. de la Cultura, con la participaci\u00f3n de docentes de religi\u00f3n, sacerdotes, religiosas y p\u00fablico en general.<\/div>\n<div>\u00a0<\/div>\n<div>Fuente: arzobispadodelcusco.org<\/div>\n<p><a href=\"http:\/\/web.hilo.org.pe\/wp-content\/uploads\/20150910_Retosensenanza.jpg\" target=\"_blank\" rel=\"noopener\">Ver archivo adjunto<\/a><\/p>\n","protected":false},"excerpt":{"rendered":"<p>Ayer, en el marco del desarrollo del ?I Curso de Formaci?n sobre los retos de la ense?anza de la religi?n en la actualidad?, el Arzobispo del Cusco, Mons. Richard Daniel Alarc?n Urrutia, en el acto de apertura, salud? de primera instancia, la dedicaci?n y profesionalismo puestos en la organizaci?n del evento, por parte del Centro Arquidiocesano de Apoyo a la Familia (CEAFAMILIA) y la Oficina Diocesana de Educaci?n Cat?lica del Cusco (ODEC), que de antemano garantiza el ?xito y el logro de sus objetivos.<\/p>\n","protected":false},"author":1,"featured_media":8011,"comment_status":"closed","ping_status":"closed","sticky":false,"template":"","format":"standard","meta":{"footnotes":""},"categories":[9],"tags":[],"class_list":["post-2491","post","type-post","status-publish","format-standard","has-post-thumbnail","hentry","category-noticias"],"_links":{"self":[{"href":"https:\/\/ceas.org.pe\/index.php\/wp-json\/wp\/v2\/posts\/2491","targetHints":{"allow":["GET"]}}],"collection":[{"href":"https:\/\/ceas.org.pe\/index.php\/wp-json\/wp\/v2\/posts"}],"about":[{"href":"https:\/\/ceas.org.pe\/index.php\/wp-json\/wp\/v2\/types\/post"}],"author":[{"embeddable":true,"href":"https:\/\/ceas.org.pe\/index.php\/wp-json\/wp\/v2\/users\/1"}],"replies":[{"embeddable":true,"href":"https:\/\/ceas.org.pe\/index.php\/wp-json\/wp\/v2\/comments?post=2491"}],"version-history":[{"count":1,"href":"https:\/\/ceas.org.pe\/index.php\/wp-json\/wp\/v2\/posts\/2491\/revisions"}],"predecessor-version":[{"id":6727,"href":"https:\/\/ceas.org.pe\/index.php\/wp-json\/wp\/v2\/posts\/2491\/revisions\/6727"}],"wp:featuredmedia":[{"embeddable":true,"href":"https:\/\/ceas.org.pe\/index.php\/wp-json\/wp\/v2\/media\/8011"}],"wp:attachment":[{"href":"https:\/\/ceas.org.pe\/index.php\/wp-json\/wp\/v2\/media?parent=2491"}],"wp:term":[{"taxonomy":"category","embeddable":true,"href":"https:\/\/ceas.org.pe\/index.php\/wp-json\/wp\/v2\/categories?post=2491"},{"taxonomy":"post_tag","embeddable":true,"href":"https:\/\/ceas.org.pe\/index.php\/wp-json\/wp\/v2\/tags?post=2491"}],"curies":[{"name":"wp","href":"https:\/\/api.w.org\/{rel}","templated":true}]}}