{"id":2488,"date":"2015-09-08T17:49:06","date_gmt":"2015-09-08T17:49:06","guid":{"rendered":""},"modified":"2026-03-11T09:12:10","modified_gmt":"2026-03-11T14:12:10","slug":"actividades-por-el-mes-de-la-biblia","status":"publish","type":"post","link":"https:\/\/ceas.org.pe\/index.php\/2015\/09\/08\/actividades-por-el-mes-de-la-biblia\/","title":{"rendered":"Actividades por el Mes de la Biblia"},"content":{"rendered":"<div>Como todos los a\u00f1os, en setiembre se llevar\u00e1 a cabo diversas actividades con motivo del \u201cMes de la Biblia\u201d. Estas actividades est\u00e1n dirigidas a ni\u00f1os, adolescentes y j\u00f3venes. Igualmente habr\u00e1 un espacio formativo, la XIII edici\u00f3n de la Expo Biblia y la Celebraci\u00f3n central por el \u201cD\u00eda de la Biblia\u201d.<\/div>\n<div>\u00a0<\/div>\n<div>Las actividades por el \u201cMes de la Biblia\u201d se iniciar\u00e1n el s\u00e1bado 12 de setiembre, con una Fiesta B\u00edblica Infantil (Celebraci\u00f3n infantil que se desarrolla con din\u00e1micas, cantos y momentos de oraci\u00f3n) y una Fiesta Joven (Celebraci\u00f3n juvenil que ofrece a adolescentes y j\u00f3venes la oportunidad de un encuentro personal con Jes\u00fas a trav\u00e9s de su Palabra). Ambas actividades se realizar\u00e1n en la Avenida Bol\u00edvar 635, Pueblo Libre.<\/div>\n<div>\u00a0<\/div>\n<div>Tambi\u00e9n se llevar\u00e1 a cabo la XIII Expo Biblia, con exposici\u00f3n-venta de Biblias y subsidios b\u00edblicos y el Museo de la Biblia, con muestras del proceso de formaci\u00f3n de la biblia desde los or\u00edgenes de la escritura hasta las presentaciones actuales. Contiene r\u00e9plicas, fotograf\u00edas, Biblias en distintos idiomas y tama\u00f1os, adem\u00e1s de texto muy antiguos del Per\u00fa. Ambos se realizar\u00e1n del 11 al 27 de setiembre, en la Plaza Manco Capac, en el distrito de La Victoria.<\/div>\n<div>\u00a0<\/div>\n<div>As\u00ed tambi\u00e9n se llevar\u00e1 a cabo un Taller de Ciencias B\u00edblicas, el 19 y 26 de setiembre, y la Celebraci\u00f3n Ecum\u00e9nica de Oraci\u00f3n por el \u201cD\u00eda de la Biblia\u201d, el 30 de setiembre. Para m\u00e1s informaci\u00f3n, pueden dirigirse a la Comisi\u00f3n Episcopal de Misi\u00f3n y Espiritualidad \u2013 \u00c1rea de Animaci\u00f3n B\u00edblica, ubicado en Jr. Estados Unidos 838, Jes\u00fas Mar\u00eda. Tel\u00e9fono: 4631010 anexo 251. (Fuente: CEP)\u00a0<\/div>\n<p><a href=\"http:\/\/web.hilo.org.pe\/wp-content\/uploads\/20150908_mesdelbiblia.jpg\" target=\"_blank\" rel=\"noopener\">Ver archivo adjunto<\/a><\/p>\n","protected":false},"excerpt":{"rendered":"<p>Como todos los a?os, en setiembre se llevar? a cabo diversas actividades con motivo del ?Mes de la Biblia?. Estas actividades est?n dirigidas a ni?os, adolescentes y j?venes. Igualmente habr? un espacio formativo, la XIII edici?n de la Expo Biblia y la Celebraci?n central por el ?D?a de la Biblia?.<\/p>\n","protected":false},"author":1,"featured_media":7870,"comment_status":"closed","ping_status":"closed","sticky":false,"template":"","format":"standard","meta":{"footnotes":""},"categories":[9],"tags":[],"class_list":["post-2488","post","type-post","status-publish","format-standard","has-post-thumbnail","hentry","category-noticias"],"_links":{"self":[{"href":"https:\/\/ceas.org.pe\/index.php\/wp-json\/wp\/v2\/posts\/2488","targetHints":{"allow":["GET"]}}],"collection":[{"href":"https:\/\/ceas.org.pe\/index.php\/wp-json\/wp\/v2\/posts"}],"about":[{"href":"https:\/\/ceas.org.pe\/index.php\/wp-json\/wp\/v2\/types\/post"}],"author":[{"embeddable":true,"href":"https:\/\/ceas.org.pe\/index.php\/wp-json\/wp\/v2\/users\/1"}],"replies":[{"embeddable":true,"href":"https:\/\/ceas.org.pe\/index.php\/wp-json\/wp\/v2\/comments?post=2488"}],"version-history":[{"count":1,"href":"https:\/\/ceas.org.pe\/index.php\/wp-json\/wp\/v2\/posts\/2488\/revisions"}],"predecessor-version":[{"id":6730,"href":"https:\/\/ceas.org.pe\/index.php\/wp-json\/wp\/v2\/posts\/2488\/revisions\/6730"}],"wp:featuredmedia":[{"embeddable":true,"href":"https:\/\/ceas.org.pe\/index.php\/wp-json\/wp\/v2\/media\/7870"}],"wp:attachment":[{"href":"https:\/\/ceas.org.pe\/index.php\/wp-json\/wp\/v2\/media?parent=2488"}],"wp:term":[{"taxonomy":"category","embeddable":true,"href":"https:\/\/ceas.org.pe\/index.php\/wp-json\/wp\/v2\/categories?post=2488"},{"taxonomy":"post_tag","embeddable":true,"href":"https:\/\/ceas.org.pe\/index.php\/wp-json\/wp\/v2\/tags?post=2488"}],"curies":[{"name":"wp","href":"https:\/\/api.w.org\/{rel}","templated":true}]}}