{"id":2487,"date":"2015-09-08T17:46:42","date_gmt":"2015-09-08T17:46:42","guid":{"rendered":""},"modified":"2026-03-11T09:12:10","modified_gmt":"2026-03-11T14:12:10","slug":"nuevos-miembros-de-la-pontificia-comision-para-amorica-latina","status":"publish","type":"post","link":"https:\/\/ceas.org.pe\/index.php\/2015\/09\/08\/nuevos-miembros-de-la-pontificia-comision-para-amorica-latina\/","title":{"rendered":"Nuevos miembros de la Pontificia Comisi\u00f3n para Am\u00f3rica Latina"},"content":{"rendered":"<p>(ACI).- La Santa Sede comunic\u00f3 hoy que el Papa Francisco ha nombrado nuevos miembros de la Pontificia Comisi\u00f3n para Am\u00e9rica Latina a los Cardenales de Montevideo (Uruguay), Cardenal Daniel Fernando Sturla y al de David (Panam\u00e1), Jos\u00e9 Luis Lacunza. Tambi\u00e9n ha nombrado miembro de dicha comisi\u00f3n al Arzobispo de Corrientes (Argentina) Mons. Andr\u00e9s Stanovnik.<\/p>\n<div>La Pontificia Comisi\u00f3n para Am\u00e9rica Latina tiene como funci\u00f3n estudiar de manera unitaria las principales cuestiones que afectan a la Iglesia y ayudar a las iglesias locales.<\/div>\n<div>\u00a0<\/div>\n<div>El Cardenal Arzobispo de Montevideo, Mons. Daniel Sturla, fue nombrado como tal por el Papa Francisco el 11 de febrero de 2014 y tom\u00f3 posesi\u00f3n de la di\u00f3cesis el 9 de marzo del mismo a\u00f1o. Fue creado Cardenal en el Consistorio p\u00fablico del 14 de febrero de 2015, tras el anuncio del Papa Francisco el 4 de enero del 2015.<\/div>\n<div>\u00a0<\/div>\n<div>El Cardenal clausurar\u00e1 este domingo d\u00eda 6 la Jornada Nacional de la Juventud de Uruguay que se desarrolla en Montevideo. El evento tiene como lema: \u201c\u00c9l transforma tu coraz\u00f3n\u201d.<\/div>\n<div>\u00a0<\/div>\n<div>Por su parte, el Obispo de David, Mons. Jos\u00e9 Luis Lacunza, es el primer Cardenal de Panam\u00e1. Naci\u00f3 en Pamplona, Espa\u00f1a, y lleva ya 44 a\u00f1os en el pa\u00eds, al que lleg\u00f3 como miembro de la Orden de los Agustinos Recoletos. Desde hace 30 posee la nacionalidad paname\u00f1a. Tambi\u00e9n fue creado Cardenal por el Papa Francisco en el Consistorio p\u00fablico del 14 de febrero de 2015.<\/div>\n<div>\u00a0<\/div>\n<div>Por \u00faltimo, Mons. Andr\u00e9s Stanovnik naci\u00f3 en Buenos Aires el 15 de diciembre de 1949, en una familia de inmigrantes eslovenos. Tras cumplir sus estudios primarios y secundarios, realiz\u00f3 los de Filosof\u00eda y Teolog\u00eda en la Universidad del Salvador en Buenos Aires, terminados los cuales hizo la Profesi\u00f3n Perpetua en la Orden Franciscana de Frailes Menores Capuchinos el 16 de julio de 1978. El 2 de septiembre de ese mismo a\u00f1o fue ordenado sacerdote en el santuario porte\u00f1o de Nuestra Se\u00f1ora del Rosario de Nueva Pompeya.<\/div>\n<div>\u00a0<\/div>\n<div>Fuente: celam.org<\/div>\n<p><a href=\"http:\/\/web.hilo.org.pe\/wp-content\/uploads\/nuevos miembros.jpg\" target=\"_blank\" rel=\"noopener\">Ver archivo adjunto<\/a><\/p>\n","protected":false},"excerpt":{"rendered":"<p>(ACI).- La Santa Sede comunic? hoy que el Papa Francisco ha nombrado nuevos miembros de la Pontificia Comisi?n para Am?rica Latina a los Cardenales de Montevideo (Uruguay), Cardenal Daniel Fernando Sturla y al de David (Panam?), Jos? Luis Lacunza. Tambi?n ha nombrado miembro de dicha comisi?n al Arzobispo de Corrientes (Argentina) Mons. Andr?s Stanovnik.<\/p>\n","protected":false},"author":1,"featured_media":7995,"comment_status":"closed","ping_status":"closed","sticky":false,"template":"","format":"standard","meta":{"footnotes":""},"categories":[9],"tags":[],"class_list":["post-2487","post","type-post","status-publish","format-standard","has-post-thumbnail","hentry","category-noticias"],"_links":{"self":[{"href":"https:\/\/ceas.org.pe\/index.php\/wp-json\/wp\/v2\/posts\/2487","targetHints":{"allow":["GET"]}}],"collection":[{"href":"https:\/\/ceas.org.pe\/index.php\/wp-json\/wp\/v2\/posts"}],"about":[{"href":"https:\/\/ceas.org.pe\/index.php\/wp-json\/wp\/v2\/types\/post"}],"author":[{"embeddable":true,"href":"https:\/\/ceas.org.pe\/index.php\/wp-json\/wp\/v2\/users\/1"}],"replies":[{"embeddable":true,"href":"https:\/\/ceas.org.pe\/index.php\/wp-json\/wp\/v2\/comments?post=2487"}],"version-history":[{"count":1,"href":"https:\/\/ceas.org.pe\/index.php\/wp-json\/wp\/v2\/posts\/2487\/revisions"}],"predecessor-version":[{"id":6731,"href":"https:\/\/ceas.org.pe\/index.php\/wp-json\/wp\/v2\/posts\/2487\/revisions\/6731"}],"wp:featuredmedia":[{"embeddable":true,"href":"https:\/\/ceas.org.pe\/index.php\/wp-json\/wp\/v2\/media\/7995"}],"wp:attachment":[{"href":"https:\/\/ceas.org.pe\/index.php\/wp-json\/wp\/v2\/media?parent=2487"}],"wp:term":[{"taxonomy":"category","embeddable":true,"href":"https:\/\/ceas.org.pe\/index.php\/wp-json\/wp\/v2\/categories?post=2487"},{"taxonomy":"post_tag","embeddable":true,"href":"https:\/\/ceas.org.pe\/index.php\/wp-json\/wp\/v2\/tags?post=2487"}],"curies":[{"name":"wp","href":"https:\/\/api.w.org\/{rel}","templated":true}]}}