{"id":2485,"date":"2015-09-07T14:30:15","date_gmt":"2015-09-07T14:30:15","guid":{"rendered":""},"modified":"2026-03-11T09:12:10","modified_gmt":"2026-03-11T14:12:10","slug":"mensaje-por-la-xxi-jornada-por-la-vida","status":"publish","type":"post","link":"https:\/\/ceas.org.pe\/index.php\/2015\/09\/07\/mensaje-por-la-xxi-jornada-por-la-vida\/","title":{"rendered":"Mensaje por la XXI Jornada por la Vida"},"content":{"rendered":"<div>En el marco de la Semana Nacional de la Familia, se celebra tambi\u00e9n la XXI Jornada por la Vida, por ello, la Comisi\u00f3n Episcopal de Familia y Vida ha elaborado un mensaje, titulado: \u201cAmar la Vida es siempre ocuparse del otro, es desear su bien\u201d, que resalta el don precioso y sagrado de la vida humana. Ofrecemos el mensaje completo:<\/div>\n<div>\u00a0<\/div>\n<div>\u00a0<\/div>\n<div>\u201cAmar la Vida es siempre ocuparse del otro, es desear su bien\u201d<\/div>\n<div>\u00a0<\/div>\n<div>El Per\u00fa quiere celebrar la Jornada por la Vida, y hoy de manera especial, en el marco del VIII Encuentro Mundial de las Familias a celebrarse pr\u00f3ximamente en la ciudad de Filadelfia, Estados Unidos.<\/div>\n<div>\u00a0<\/div>\n<div>Cada vida humana es don de Dios-Amor, y es sagrada desde el primer instante de su existencia ya que lleva consigo la imagen de su Creador. S\u00f3lo Dios es Se\u00f1or de la vida humana desde la concepci\u00f3n hasta su fin natural. Ninguna persona, bajo ninguna circunstancia puede decidir sobre la vida de otro, m\u00e1s aun cuando ese otro es el ser m\u00e1s indefenso y vulnerable de todos: el Ni\u00f1o por nacer. \u201cLa vida desde su concepci\u00f3n debe ser salvaguardada con el m\u00e1ximo cuidado; el aborto y el infanticidio son cr\u00edmenes abominables\u201d.\u00a0<\/div>\n<div>\u00a0<\/div>\n<div>\u00a0<\/div>\n<div>Lamentablemente el derecho a la vida es relativizado hoy en d\u00eda por falsos \u201cderechos\u201d, impuestos en nombre del progreso y la modernidad. Ante ello el Papa Francisco nos alerta: \u00abNo es progresista pretender resolver los problemas eliminando una vida humana\u00bb. Estas palabras del Santo Padre nos traspasan el coraz\u00f3n, llam\u00e1ndonos a una decidida y frontal defensa de la Vida. Es necesario hacer nuestra \u00e9sta interpelaci\u00f3n y defender con coraje la vida frente a las falsas ideolog\u00edas que disfrazadas de libertad, crean estructuras opresoras y esclavizadoras de las conciencias y del pensamiento, bajo apariencia de novedad y progreso, buscando negar la dignidad humana de los Ni\u00f1os por nacer quit\u00e1ndoles la vida y promoviendo legislaciones de muerte. Como bien afirma el Papa: Resolver los problemas eliminando una vida humana es la forma de actuar de los mafiosos.\u00a0<\/div>\n<div>\u00a0<\/div>\n<div>\u00a0<\/div>\n<div>En nombre de estas falsas libertades, como el pretendido \u201cderecho a decidir\u201d, algunas organizaciones est\u00e1n presionando en estos d\u00edas para que se legalice el aborto en casos de violaci\u00f3n. Es bueno se\u00f1alar que en este doloroso caso a la que siga una concepci\u00f3n, nos encontramos frente a tres protagonistas: El delincuente, que es el violador a quien hay que castigar; la mujer que es la v\u00edctima y el Ni\u00f1o por nacer que es v\u00edctima inocente. La violaci\u00f3n es un acto execrable y violento que debe ser condenado y castigado, pero el aborto no va solucionar el problema, no va a sanar a la mujer, sino que le a\u00f1adir\u00e1 al dolor de la violaci\u00f3n la herida imborrable del aborto.<\/div>\n<div>\u00a0<\/div>\n<div>\u00a0<\/div>\n<div>Por otro lado el Ni\u00f1o por nacer no puede ser discriminado por las circunstancias en que fue concebido.\u00a0<\/div>\n<div>\u00a0<\/div>\n<div>\u00a0<\/div>\n<div>Por tanto en una violaci\u00f3n a donde siga la concepci\u00f3n hay dos v\u00edctimas que proteger y cuidar: a la madre y a su hijo. Por esto el Santo Padre tambi\u00e9n nos recuerda que: &#8216;La vida humana es sagrada e inviolable. Todo derecho civil se asienta en el reconocimiento del primero y fundamental de los derechos, el derecho a la vida, que no est\u00e1 subordinado a condici\u00f3n alguna, ni cualitativa, ni econ\u00f3mica, ni tanto menos ideol\u00f3gica\u201d.<\/div>\n<div>\u00a0<\/div>\n<div>\u00a0<\/div>\n<div>Como sociedad, y especialmente desde la familia, cuya misi\u00f3n es el amor, debemos crear las condiciones para que las mujeres embarazadas en situaci\u00f3n de crisis, encuentren en nosotros acogida y acompa\u00f1amiento, para llevar adelante su embarazo con la alegr\u00eda de saberse amadas. Tal como nos lo pide el Santo Padre: \u201cLos animo a hacerlo siempre con la actitud de la cercan\u00eda, de la proximidad: \u00a1Que cada mujer se sienta considerada como persona, escuchada, acogida, acompa\u00f1ada!\u201d.<\/div>\n<div>\u00a0<\/div>\n<div>\u00a0<\/div>\n<div>Pongamos la Misi\u00f3n de la Familia, que es el Amor en manos de Santa Mar\u00eda, Madre de la Vida, para que Ella nos ense\u00f1e a formar familias plenamente vivas y generosas. (Comisi\u00f3n Episcopal de Familia y Vida)\u00a0<\/div>\n<div>\u00a0<\/div>\n<p><a href=\"http:\/\/web.hilo.org.pe\/wp-content\/uploads\/LOGO-CONFERENCIA-EPISCOPAL-PERUANA.jpg\" target=\"_blank\" rel=\"noopener\">Ver archivo adjunto<\/a><\/p>\n","protected":false},"excerpt":{"rendered":"<p>En el marco de la Semana Nacional de la Familia, se celebra tambi?n la XXI Jornada por la Vida, por ello, la Comisi?n Episcopal de Familia y Vida ha elaborado un mensaje, titulado: ?Amar la Vida es siempre ocuparse del otro, es desear su bien?, que resalta el don precioso y sagrado de la vida humana. Ofrecemos el mensaje completo:<\/p>\n","protected":false},"author":1,"featured_media":7973,"comment_status":"closed","ping_status":"closed","sticky":false,"template":"","format":"standard","meta":{"footnotes":""},"categories":[9],"tags":[],"class_list":["post-2485","post","type-post","status-publish","format-standard","has-post-thumbnail","hentry","category-noticias"],"_links":{"self":[{"href":"https:\/\/ceas.org.pe\/index.php\/wp-json\/wp\/v2\/posts\/2485","targetHints":{"allow":["GET"]}}],"collection":[{"href":"https:\/\/ceas.org.pe\/index.php\/wp-json\/wp\/v2\/posts"}],"about":[{"href":"https:\/\/ceas.org.pe\/index.php\/wp-json\/wp\/v2\/types\/post"}],"author":[{"embeddable":true,"href":"https:\/\/ceas.org.pe\/index.php\/wp-json\/wp\/v2\/users\/1"}],"replies":[{"embeddable":true,"href":"https:\/\/ceas.org.pe\/index.php\/wp-json\/wp\/v2\/comments?post=2485"}],"version-history":[{"count":1,"href":"https:\/\/ceas.org.pe\/index.php\/wp-json\/wp\/v2\/posts\/2485\/revisions"}],"predecessor-version":[{"id":6733,"href":"https:\/\/ceas.org.pe\/index.php\/wp-json\/wp\/v2\/posts\/2485\/revisions\/6733"}],"wp:featuredmedia":[{"embeddable":true,"href":"https:\/\/ceas.org.pe\/index.php\/wp-json\/wp\/v2\/media\/7973"}],"wp:attachment":[{"href":"https:\/\/ceas.org.pe\/index.php\/wp-json\/wp\/v2\/media?parent=2485"}],"wp:term":[{"taxonomy":"category","embeddable":true,"href":"https:\/\/ceas.org.pe\/index.php\/wp-json\/wp\/v2\/categories?post=2485"},{"taxonomy":"post_tag","embeddable":true,"href":"https:\/\/ceas.org.pe\/index.php\/wp-json\/wp\/v2\/tags?post=2485"}],"curies":[{"name":"wp","href":"https:\/\/api.w.org\/{rel}","templated":true}]}}