{"id":2484,"date":"2015-09-04T16:20:40","date_gmt":"2015-09-04T16:20:40","guid":{"rendered":""},"modified":"2026-03-11T09:12:10","modified_gmt":"2026-03-11T14:12:10","slug":"crean-fiscaloas-especializadas-en-trata-de-personas-en-8-ciudades-del-pero","status":"publish","type":"post","link":"https:\/\/ceas.org.pe\/index.php\/2015\/09\/04\/crean-fiscaloas-especializadas-en-trata-de-personas-en-8-ciudades-del-pero\/","title":{"rendered":"Crean fiscal\u00f3as especializadas en trata de personas en 8 ciudades del Per\u00f3"},"content":{"rendered":"<p>El Ministerio P\u00fablico ha creado 8 fiscal\u00edas especializadas que estar\u00e1n encargadas de investigar y denunciar los delitos de trata de personas en igual n\u00famero de ciudades de diferentes regiones del Per\u00fa, a fin de fortalecer la estrategia de la lucha contra este flagelo, se anunci\u00f3 hoy.<\/p>\n<div>\u00a0<\/div>\n<div>Jorge Ch\u00e1vez Cotrina, coordinador de las fiscal\u00edas especializadas en casos de Crimen Organizado y Trata de Personas, precis\u00f3 que estas fiscal\u00edas est\u00e1n ubicadas en las ciudades donde se ha reportado un mayor \u00edndice de estos delitos, tales como Iquitos, Tacna, Cusco, Puerto Maldonado, Lima, Callao y Puno.<\/div>\n<div>\u00a0<\/div>\n<div>\u00abEstas fiscal\u00edas han sido creadas por la Junta de Fiscales Supremos y hace dos d\u00edas el fiscal de la Naci\u00f3n (Pablo S\u00e1nchez) ha designado a los fiscales que se van a encargar de llevar a cabo estas investigaciones en estas diferentes ciudades\u00bb, subray\u00f3 Ch\u00e1vez Cotrina en declaraciones a la Agencia Andina.<\/div>\n<div>\u00a0<\/div>\n<div>Explic\u00f3 que en el caso de Lima, esta Fiscal\u00eda especializada estar\u00e1 conformada por dos fiscales provinciales y 6 fiscales adjuntos, mientras que en el resto de las ciudades cada fiscal\u00eda est\u00e1 conformada por un fiscal provincial y dos adjuntos, adem\u00e1s del respectivo personal administrativo.<\/div>\n<div>\u00a0<\/div>\n<div>Sostuvo que el gerente general del Ministerio P\u00fablico, junto a un equipo de gerentes, se encarga de la implementaci\u00f3n de estas oficinas, en lo que respecta a mobiliario, computadoras, as\u00ed como la dotaci\u00f3n de veh\u00edculos para que los fiscales puedan cumplir con su trabajo.<\/div>\n<div>\u00a0<\/div>\n<div>\u00abLos recursos econ\u00f3micos y humanos se est\u00e1n dando. Yo espero que en los pr\u00f3ximos d\u00edas estas fiscal\u00edas est\u00e9n operativas\u00bb, manifest\u00f3 Ch\u00e1vez Cotrina.<\/div>\n<div>\u00a0<\/div>\n<div>Revel\u00f3 que en el 2014 se presentaron 108 denuncias por delito de trata de personas solo en la ciudad de Lima, seguido de Loreto con 80 denuncias y madre de Dios con 54 casos, de un total de 501 denuncias reportadas a escala nacional.<\/div>\n<div>\u00a0<\/div>\n<div>En el caso particular de Madre de Dios, Ch\u00e1vez Cotrina asegur\u00f3 que el fiscal de la Naci\u00f3n tiene una preocupaci\u00f3n especial en esa regi\u00f3n, al comprobarse la existencia de una confluencia de hechos il\u00edcitos que incluye la trata de personas.<\/div>\n<div>\u00a0<\/div>\n<div>\u00abTenemos la miner\u00eda ilegal, la tala ilegal de madera y a su vez tenemos lo que es la trata de personas, que se da a trav\u00e9s de la explotaci\u00f3n sexual o laboral de menores de edad. Hay prostibares donde se explora a menores de edad\u00bb, subray\u00f3.<\/div>\n<div>\u00a0<\/div>\n<div>Al respecto, Ch\u00e1vez Cotrina sostuvo que el Ministerio P\u00fablico ejecuta constantemente operativos en estos lugares en coordinaci\u00f3n con la Polic\u00eda Nacional del Per\u00fa (PNP), a fin de ver el tema de miner\u00eda ilegal y trata de personas.<\/div>\n<div>\u00a0<\/div>\n<div>\u00abEstamos trabajando tambi\u00e9n con el Ministerio de la Mujer y Poblaciones Vulnerables para el tema de la protecci\u00f3n de las v\u00edctimas, y con nuestra Direcci\u00f3n de Protecci\u00f3n de V\u00edctimas y Testigos\u00bb, subray\u00f3.<\/div>\n<div>\u00a0<\/div>\n<div>Fuente: andina.com.pe<\/div>\n<p><a href=\"http:\/\/web.hilo.org.pe\/wp-content\/uploads\/Fsicalia.jpg\" target=\"_blank\" rel=\"noopener\">Ver archivo adjunto<\/a><\/p>\n","protected":false},"excerpt":{"rendered":"<p>El Ministerio P?blico ha creado 8 fiscal?as especializadas que estar?n encargadas de investigar y denunciar los delitos de trata de personas en igual n?mero de ciudades de diferentes regiones del Per?, a fin de fortalecer la estrategia de la lucha contra este flagelo, se anunci? hoy.<\/p>\n","protected":false},"author":1,"featured_media":7895,"comment_status":"closed","ping_status":"closed","sticky":false,"template":"","format":"standard","meta":{"footnotes":""},"categories":[9],"tags":[],"class_list":["post-2484","post","type-post","status-publish","format-standard","has-post-thumbnail","hentry","category-noticias"],"_links":{"self":[{"href":"https:\/\/ceas.org.pe\/index.php\/wp-json\/wp\/v2\/posts\/2484","targetHints":{"allow":["GET"]}}],"collection":[{"href":"https:\/\/ceas.org.pe\/index.php\/wp-json\/wp\/v2\/posts"}],"about":[{"href":"https:\/\/ceas.org.pe\/index.php\/wp-json\/wp\/v2\/types\/post"}],"author":[{"embeddable":true,"href":"https:\/\/ceas.org.pe\/index.php\/wp-json\/wp\/v2\/users\/1"}],"replies":[{"embeddable":true,"href":"https:\/\/ceas.org.pe\/index.php\/wp-json\/wp\/v2\/comments?post=2484"}],"version-history":[{"count":1,"href":"https:\/\/ceas.org.pe\/index.php\/wp-json\/wp\/v2\/posts\/2484\/revisions"}],"predecessor-version":[{"id":6734,"href":"https:\/\/ceas.org.pe\/index.php\/wp-json\/wp\/v2\/posts\/2484\/revisions\/6734"}],"wp:featuredmedia":[{"embeddable":true,"href":"https:\/\/ceas.org.pe\/index.php\/wp-json\/wp\/v2\/media\/7895"}],"wp:attachment":[{"href":"https:\/\/ceas.org.pe\/index.php\/wp-json\/wp\/v2\/media?parent=2484"}],"wp:term":[{"taxonomy":"category","embeddable":true,"href":"https:\/\/ceas.org.pe\/index.php\/wp-json\/wp\/v2\/categories?post=2484"},{"taxonomy":"post_tag","embeddable":true,"href":"https:\/\/ceas.org.pe\/index.php\/wp-json\/wp\/v2\/tags?post=2484"}],"curies":[{"name":"wp","href":"https:\/\/api.w.org\/{rel}","templated":true}]}}