{"id":2480,"date":"2015-09-02T19:20:16","date_gmt":"2015-09-02T19:20:16","guid":{"rendered":""},"modified":"2026-03-11T09:12:10","modified_gmt":"2026-03-11T14:12:10","slug":"francisco-onunca-mos-la-locura-destructora-de-la-guerra-y-de-los-fabricantes-y-traficantes-armas","status":"publish","type":"post","link":"https:\/\/ceas.org.pe\/index.php\/2015\/09\/02\/francisco-onunca-mos-la-locura-destructora-de-la-guerra-y-de-los-fabricantes-y-traficantes-armas\/","title":{"rendered":"Francisco:  \u00f3Nunca m\u00f3s la locura destructora de la guerra y de los fabricantes y traficantes armas&#8230;!"},"content":{"rendered":"<p>(RV).- \u00a1Nunca m\u00e1s la locura destructora de la guerra y de los fabricantes y traficantes armas ensangrentadas con la sangre de tantos inocentes, minor\u00edas y cristianos perseguidos!.<\/p>\n<div>\u00a0<\/div>\n<div>\u00a0<\/div>\n<div>El Papa Francisco renov\u00f3 su ferviente ruego al Pr\u00edncipe de la paz, por intercesi\u00f3n de Mar\u00eda Reina de la paz, para que nunca m\u00e1s el mundo vuelva a sufrir el horror de la guerra. En su primera audiencia general de septiembre, el Obispo de Roma reiter\u00f3, en la Plaza de San Pedro, su oraci\u00f3n y su llamamiento, \u00a0junto con el anhelo de los hombres y mujeres de buena voluntad, recordando que hace 70 a\u00f1os conclu\u00eda la tragedia que dej\u00f3 el mundo en escombros, a los pueblos que en la actualidad padecen la crueldad de diversos conflictos:<\/div>\n<div>\u00a0<\/div>\n<div>\u00abEn estos d\u00edas, tambi\u00e9n en Extremo Oriente, se recuerda la conclusi\u00f3n de la Segunda Guerra Mundial. Renuevo mi ferviente oraci\u00f3n al Se\u00f1or de todos para que, por intercesi\u00f3n de la Virgen Mar\u00eda, el mundo de hoy no experimente nunca m\u00e1s los horrores y los espantosos sufrimientos de semejantes tragedias. Pero las experimenta. \u00c9ste es el anhelo permanente de los pueblos, en particular de los que son v\u00edctimas de sangrientos conflictos en curso. Las minor\u00edas perseguidas, los cristianos perseguidos, la locura de la destrucci\u00f3n. Y los que fabrican armas y los traficantes de armas, armas ensangrentadas, ba\u00f1adas con la sangre de tantos inocentes \u00a1Nunca m\u00e1s la guerra! Es el grito apremiante que, \u00a0desde nuestros corazones y de los corazones de todos los hombres y mujeres de buena voluntad, se eleva al Pr\u00edncipe de la paz\u00bb.<\/div>\n<div>\u00a0<\/div>\n<div>Tras hacer hincapi\u00e9 en su catequesis en la importancia de la familia para hacer brillar, con la ayuda del Esp\u00edritu Santo, el Evangelio en un mundo que conoce la desertificaci\u00f3n del amor familiar, el Sucesor de Pedro record\u00f3 que \u00abla sociedad tiene necesidad del testimonio de las familias cristianas, de su fe y de su generosidad\u00bb:<\/div>\n<div>\u00a0<\/div>\n<div>\u00abLa familia, como expresi\u00f3n de la alianza del hombre y de la mujer con Dios, es un lugar privilegiado, en el que se experimenta su presencia y su amor. Oremos los unos por los otros, para ser capaces de reconocer en las familias esta particular presencia de Dios y de sostenerlas en su testimonio de fe y de amor\u00bb.<\/div>\n<div>\u00a0<\/div>\n<div>Deseando a los numerosos fieles romanos y peregrinos de tantas partes del mundo que \u00abeste encuentro alimente la fe y haga fecunda la caridad\u00bb, el Papa se refiri\u00f3 asimismo, una vez m\u00e1s, a los trabajadores y sus familias que sufren problemas laborales. En esta oportunidad, lo hizo con un saludo especial a los obreros de una f\u00e1brica de la ciudad italiana de Volterra, que acudieron a la audiencia general, acompa\u00f1ados por su Obispo:<\/div>\n<div>\u00a0<\/div>\n<div>\u00abDeseo que la grave coyuntura laboral que afrontan pueda encontrar pronto una soluci\u00f3n justa, en el respeto de los derechos de todos, en especial para volver a encender la esperanza en sus familias. Y tambi\u00e9n a encender la esperanza en los j\u00f3venes\u00bb<\/div>\n<div>\u00a0<\/div>\n<div>En la v\u00edspera de la memoria de San Gregorio Magno, el Santo Padre record\u00f3 a este Pont\u00edfice y Doctor de la Iglesia, en sus palabras a los j\u00f3venes, a los enfermos y a los reci\u00e9n casados:<\/div>\n<div>\u00a0<\/div>\n<div>\u00abMa\u00f1ana celebraremos la memoria lit\u00fargica de San Gregorio Magno. Queridos j\u00f3venes, la grandeza moral de este Papa los impulse a opciones valientes en favor del bien; que su fortaleza en la enfermedad los sostenga a ustedes, queridos enfermos, al llevar su cruz en uni\u00f3n espiritual con el coraz\u00f3n de Cristo; que sus lazos con la Iglesia los ayude a ustedes, queridos reci\u00e9n casados, a unir a sus familias en el amor\u00bb.<\/div>\n<div>\u00a0<\/div>\n<div>(CdM \u2013 RV)<\/div>\n<div>\u00a0<\/div>\n<div>\u00a0<\/div>\n<div>Fuente: radio vaticano<\/div>\n<p><a href=\"http:\/\/web.hilo.org.pe\/wp-content\/uploads\/Nuncamasguerras.jpg\" target=\"_blank\" rel=\"noopener\">Ver archivo adjunto<\/a><\/p>\n","protected":false},"excerpt":{"rendered":"<p>\u00a0(RV).- \u00a1Nunca m\u00e1s la locura destructora de la guerra y de los fabricantes y traficantes armas ensangrentadas con la sangre de tantos inocentes, minor\u00edas y cristianos perseguidos!.<\/p>\n","protected":false},"author":1,"featured_media":7855,"comment_status":"closed","ping_status":"closed","sticky":false,"template":"","format":"standard","meta":{"footnotes":""},"categories":[9],"tags":[],"class_list":["post-2480","post","type-post","status-publish","format-standard","has-post-thumbnail","hentry","category-noticias"],"_links":{"self":[{"href":"https:\/\/ceas.org.pe\/index.php\/wp-json\/wp\/v2\/posts\/2480","targetHints":{"allow":["GET"]}}],"collection":[{"href":"https:\/\/ceas.org.pe\/index.php\/wp-json\/wp\/v2\/posts"}],"about":[{"href":"https:\/\/ceas.org.pe\/index.php\/wp-json\/wp\/v2\/types\/post"}],"author":[{"embeddable":true,"href":"https:\/\/ceas.org.pe\/index.php\/wp-json\/wp\/v2\/users\/1"}],"replies":[{"embeddable":true,"href":"https:\/\/ceas.org.pe\/index.php\/wp-json\/wp\/v2\/comments?post=2480"}],"version-history":[{"count":1,"href":"https:\/\/ceas.org.pe\/index.php\/wp-json\/wp\/v2\/posts\/2480\/revisions"}],"predecessor-version":[{"id":6738,"href":"https:\/\/ceas.org.pe\/index.php\/wp-json\/wp\/v2\/posts\/2480\/revisions\/6738"}],"wp:featuredmedia":[{"embeddable":true,"href":"https:\/\/ceas.org.pe\/index.php\/wp-json\/wp\/v2\/media\/7855"}],"wp:attachment":[{"href":"https:\/\/ceas.org.pe\/index.php\/wp-json\/wp\/v2\/media?parent=2480"}],"wp:term":[{"taxonomy":"category","embeddable":true,"href":"https:\/\/ceas.org.pe\/index.php\/wp-json\/wp\/v2\/categories?post=2480"},{"taxonomy":"post_tag","embeddable":true,"href":"https:\/\/ceas.org.pe\/index.php\/wp-json\/wp\/v2\/tags?post=2480"}],"curies":[{"name":"wp","href":"https:\/\/api.w.org\/{rel}","templated":true}]}}