{"id":2477,"date":"2015-08-31T13:30:13","date_gmt":"2015-08-31T13:30:13","guid":{"rendered":""},"modified":"2026-03-11T09:12:10","modified_gmt":"2026-03-11T14:12:10","slug":"papa-explica-como-superar-la-crisis-ecologica-que-vive-la-humanidad","status":"publish","type":"post","link":"https:\/\/ceas.org.pe\/index.php\/2015\/08\/31\/papa-explica-como-superar-la-crisis-ecologica-que-vive-la-humanidad\/","title":{"rendered":"Papa explica c\u00f3mo superar la crisis ecol\u00f3gica que vive la humanidad"},"content":{"rendered":"<p>(RV).- \u00abComo cristianos queremos ofrecer nuestra contribuci\u00f3n para superar la crisis ecol\u00f3gica que est\u00e1 viviendo la humanidad\u00bb, reiter\u00f3 el Papa Francisco, invitando a la Liturgia de la Palabra que presidir\u00e1, en la I Jornada Mundial de Oraci\u00f3n por el Cuidado de la Creaci\u00f3n, instituida por \u00e9l mismo, con el anhelo de impulsar la conversi\u00f3n ecol\u00f3gica y el ecumenismo. Invitaci\u00f3n que el Obispo de Roma pronunci\u00f3 en la \u00faltima audiencia general de agosto, la n\u00famero cien de su Pontificado:<\/p>\n<div>\u00a0<\/div>\n<div>\u00abEl pr\u00f3ximo martes, 1\u00ba de septiembre, se celebrar\u00e1 la Jornada Mundial de Oraci\u00f3n por el Cuidado de la Creaci\u00f3n. En comuni\u00f3n de oraci\u00f3n con nuestros hermanos ortodoxos y con todas las personas de buena voluntad, queremos ofrecer nuestra contribuci\u00f3n a la superaci\u00f3n de la crisis ecol\u00f3gica que est\u00e1 viviendo la humanidad.<\/div>\n<div>\u00a0<\/div>\n<div>En todo el mundo, las diversas realidades eclesiales locales han programado oportunas iniciativas de oraci\u00f3n y de reflexi\u00f3n, para hacer que esa Jornada sea un momento fuerte tambi\u00e9n con vistas a la asunci\u00f3n de estilos de vida coherentes.<\/div>\n<div>\u00a0<\/div>\n<div>Con los obispos, sacerdotes, personas consagradas y fieles laicos de la Curia romana, nos encontraremos en la Bas\u00edlica de San Pedro a las 17.00 para la Liturgia de la Palabra, a la que desde ahora invito a participar a los romanos, a los peregrinos y a cuantos lo deseen\u00bb.<\/div>\n<div>\u00a0<\/div>\n<div>En su carta a los Cardenales Turkson y Koch, presidentes respectivamente de los Pontificios Consejos Justicia y Paz y para la Promoci\u00f3n de la Unidad de los Cristianos, fechada en la Fiesta de la Transfiguraci\u00f3n del Se\u00f1or, de 2015, el Papa Bergoglio escribe:<\/div>\n<div>\u00a0<\/div>\n<div>\u00abDebemos ante todo extraer de nuestro rico patrimonio espiritual las motivaciones que alimentan la pasi\u00f3n por el cuidado de la creaci\u00f3n, recordando siempre que, para los creyentes en Jesucristo, Verbo de Dios hecho hombre por nosotros, \u00abla espiritualidad no est\u00e1 desconectada del propio cuerpo, ni de la naturaleza o de las realidades de este mundo, sino que vive con ellas y en ellas, en comuni\u00f3n con todo lo que nos rodea\u00bb (cf. Carta Enc. Laudato si\u2019, 216).<\/div>\n<div>\u00a0<\/div>\n<div>Con su Enc\u00edclica Alabado seas, hace hincapi\u00e9 en que la crisis ecol\u00f3gica nos llama a una \u00abprofunda conversi\u00f3n espiritual\u00bb. Y que los cristianos estamos llamados a una \u00abconversi\u00f3n ecol\u00f3gica\u00bb, que implica dejar brotar todas las consecuencias del encuentro con Jesucristo en las relaciones con el mundo que nos rodea (ib\u00edd., 217). De hecho, \u00abvivir la vocaci\u00f3n de ser protectores de la obra de Dios es parte esencial de una existencia virtuosa, no consiste en algo opcional ni en un aspecto secundario de la experiencia cristiana\u00bb (ib\u00edd.).<\/div>\n<div>\u00a0<\/div>\n<div>Por lo que el Santo Padre anhela que la Jornada Mundial de Oraci\u00f3n por el Cuidado de la Creaci\u00f3n ofrezca \u00aba cada creyente y a las comunidades una valiosa oportunidad de renovar la adhesi\u00f3n personal a la propia vocaci\u00f3n de custodios de la creaci\u00f3n, elevando a Dios una acci\u00f3n de gracias por la maravillosa obra que \u00c9l ha confiado a nuestro cuidado, invocando su ayuda para la protecci\u00f3n de la creaci\u00f3n y su misericordia por los pecados cometidos contra el mundo en el que vivimos\u00bb.<\/div>\n<div>\u00a0<\/div>\n<div>(CdM \u2013 RV)<\/div>\n<div>\u00a0<\/div>\n<div>Fuente. Vaticano Radio<\/div>\n<p><a href=\"http:\/\/web.hilo.org.pe\/wp-content\/uploads\/Crisisecologica.jpg\" target=\"_blank\" rel=\"noopener\">Ver archivo adjunto<\/a><\/p>\n","protected":false},"excerpt":{"rendered":"<p>\u00a0(RV).- \u00abComo cristianos queremos ofrecer nuestra contribuci\u00f3n para superar la crisis ecol\u00f3gica que est\u00e1 viviendo la humanidad\u00bb, reiter\u00f3 el Papa Francisco, invitando a la Liturgia de la Palabra que presidir\u00e1, en la I Jornada Mundial de Oraci\u00f3n por el Cuidado de la Creaci\u00f3n, instituida por \u00e9l mismo, con el anhelo de impulsar la conversi\u00f3n ecol\u00f3gica y el ecumenismo. Invitaci\u00f3n que el Obispo de Roma pronunci\u00f3 en la \u00faltima audiencia general de agosto, la n\u00famero cien de su Pontificado:<\/p>\n","protected":false},"author":1,"featured_media":7874,"comment_status":"closed","ping_status":"closed","sticky":false,"template":"","format":"standard","meta":{"footnotes":""},"categories":[9],"tags":[],"class_list":["post-2477","post","type-post","status-publish","format-standard","has-post-thumbnail","hentry","category-noticias"],"_links":{"self":[{"href":"https:\/\/ceas.org.pe\/index.php\/wp-json\/wp\/v2\/posts\/2477","targetHints":{"allow":["GET"]}}],"collection":[{"href":"https:\/\/ceas.org.pe\/index.php\/wp-json\/wp\/v2\/posts"}],"about":[{"href":"https:\/\/ceas.org.pe\/index.php\/wp-json\/wp\/v2\/types\/post"}],"author":[{"embeddable":true,"href":"https:\/\/ceas.org.pe\/index.php\/wp-json\/wp\/v2\/users\/1"}],"replies":[{"embeddable":true,"href":"https:\/\/ceas.org.pe\/index.php\/wp-json\/wp\/v2\/comments?post=2477"}],"version-history":[{"count":1,"href":"https:\/\/ceas.org.pe\/index.php\/wp-json\/wp\/v2\/posts\/2477\/revisions"}],"predecessor-version":[{"id":6741,"href":"https:\/\/ceas.org.pe\/index.php\/wp-json\/wp\/v2\/posts\/2477\/revisions\/6741"}],"wp:featuredmedia":[{"embeddable":true,"href":"https:\/\/ceas.org.pe\/index.php\/wp-json\/wp\/v2\/media\/7874"}],"wp:attachment":[{"href":"https:\/\/ceas.org.pe\/index.php\/wp-json\/wp\/v2\/media?parent=2477"}],"wp:term":[{"taxonomy":"category","embeddable":true,"href":"https:\/\/ceas.org.pe\/index.php\/wp-json\/wp\/v2\/categories?post=2477"},{"taxonomy":"post_tag","embeddable":true,"href":"https:\/\/ceas.org.pe\/index.php\/wp-json\/wp\/v2\/tags?post=2477"}],"curies":[{"name":"wp","href":"https:\/\/api.w.org\/{rel}","templated":true}]}}