{"id":2476,"date":"2015-08-31T13:27:54","date_gmt":"2015-08-31T13:27:54","guid":{"rendered":""},"modified":"2026-03-11T09:12:10","modified_gmt":"2026-03-11T14:12:10","slug":"impedir-estos-cromenes-contra-los-migrantes-exhorta-francisco","status":"publish","type":"post","link":"https:\/\/ceas.org.pe\/index.php\/2015\/08\/31\/impedir-estos-cromenes-contra-los-migrantes-exhorta-francisco\/","title":{"rendered":"\u00abImpedir estos cr\u00f3menes contra los migrantes\u00bb, exhorta Francisco"},"content":{"rendered":"<p>RV).- El Papa Francisco, despu\u00e9s de rezar el \u00c1ngelus del quinto domingo de agosto, con varios miles de fieles y peregrinos reunidos en la Plaza de San Pedro record\u00f3 que ayer en Harissa, en el L\u00edbano, fue proclamado Beato el Obispo siro-cat\u00f3lico Flaviano Michele Melki, m\u00e1rtir en el contexto de una terrible persecuci\u00f3n contra los cristianos. \u00c9l fue defensor incansable de los derechos de su pueblo, exhort\u00e1ndolos a permanecer fieles en la fe. Tambi\u00e9n hoy, dijo el Obispo de Roma, en Oriente Medio y en otras partes del mundo, los cristianos son perseguidos. La beatificaci\u00f3n de este Obispo m\u00e1rtir infunda en ellos consolaci\u00f3n, valent\u00eda y esperanza.<\/p>\n<div>\u00a0<\/div>\n<div>Ante la dram\u00e1tica situaci\u00f3n humanitaria de los migrantes, que en \u201clos d\u00edas pasados numerosos de ellos perdieron la vida en los terribles viajes\u201d, el Sucesor de Pedro realiz\u00f3 un apremiante llamamiento para \u201ccolaborar con eficacia para impedir estos cr\u00edmenes, que ofenden a la entera familia humana\u201d. Junto al Cardenal Sch\u00f6nborn y a toda la Iglesia en Austria, el Papa se uni\u00f3 en oraci\u00f3n por las v\u00edctimas en este pa\u00eds, encomend\u00e1ndolos a la misericordia divina.<\/div>\n<div>\u00a0<\/div>\n<div>Despu\u00e9s de rezar a la Madre de Dios, el Santo Padre salud\u00f3 a los fieles que se hab\u00edan dado cita en la Plaza de San Pedro con motivo del \u00c1ngelus dominical del 30 de agosto. En esta ocasi\u00f3n, el Pont\u00edfice, dirigi\u00e9ndose a los queridos hermanos y hermanas, salud\u00f3 cordialmente a todos los peregrinos, tanto a los romanos como a los procedentes de varios pa\u00edses, y de modo especial a los scouts de Lisboa y a los fieles de Zara (Croacia). El Obispo de Roma tambi\u00e9n salud\u00f3 a los Peregrinos de Verona y Bagnolo de Nogarole; a los j\u00f3venes de la di\u00f3cesis de Vicenza, de Rovato y a los de la parroquia San Galdino en Mil\u00e1n, a los ni\u00f1os de Salzano y Arconate.<\/div>\n<div>\u00a0<\/div>\n<div>\u201cA todos \u2013 dijo Francisco \u2013 les dese\u00f3 un feliz domingo. Y por favor, \u00a1no se olviden de rezar por m\u00ed! \u00a1Buen almuerzo y hasta la vista!<\/div>\n<div>\u00a0<\/div>\n<div>(Renato Martinez &#8211; Radio Vaticana)<\/div>\n<div>\u00a0<\/div>\n<div>Fuente: Vaticano Radio<\/div>\n<p><a href=\"http:\/\/web.hilo.org.pe\/wp-content\/uploads\/crimenescontramigrantes.jpg\" target=\"_blank\" rel=\"noopener\">Ver archivo adjunto<\/a><\/p>\n","protected":false},"excerpt":{"rendered":"<p>RV).- El Papa Francisco, despu?s de rezar el ?ngelus del quinto domingo de agosto, con varios miles de fieles y peregrinos reunidos en la Plaza de San Pedro record? que ayer en Harissa, en el L?bano, fue proclamado Beato el Obispo siro-cat?lico Flaviano Michele Melki, m?rtir en el contexto de una terrible persecuci?n contra los cristianos.<\/p>\n","protected":false},"author":1,"featured_media":7855,"comment_status":"closed","ping_status":"closed","sticky":false,"template":"","format":"standard","meta":{"footnotes":""},"categories":[9],"tags":[],"class_list":["post-2476","post","type-post","status-publish","format-standard","has-post-thumbnail","hentry","category-noticias"],"_links":{"self":[{"href":"https:\/\/ceas.org.pe\/index.php\/wp-json\/wp\/v2\/posts\/2476","targetHints":{"allow":["GET"]}}],"collection":[{"href":"https:\/\/ceas.org.pe\/index.php\/wp-json\/wp\/v2\/posts"}],"about":[{"href":"https:\/\/ceas.org.pe\/index.php\/wp-json\/wp\/v2\/types\/post"}],"author":[{"embeddable":true,"href":"https:\/\/ceas.org.pe\/index.php\/wp-json\/wp\/v2\/users\/1"}],"replies":[{"embeddable":true,"href":"https:\/\/ceas.org.pe\/index.php\/wp-json\/wp\/v2\/comments?post=2476"}],"version-history":[{"count":1,"href":"https:\/\/ceas.org.pe\/index.php\/wp-json\/wp\/v2\/posts\/2476\/revisions"}],"predecessor-version":[{"id":6742,"href":"https:\/\/ceas.org.pe\/index.php\/wp-json\/wp\/v2\/posts\/2476\/revisions\/6742"}],"wp:featuredmedia":[{"embeddable":true,"href":"https:\/\/ceas.org.pe\/index.php\/wp-json\/wp\/v2\/media\/7855"}],"wp:attachment":[{"href":"https:\/\/ceas.org.pe\/index.php\/wp-json\/wp\/v2\/media?parent=2476"}],"wp:term":[{"taxonomy":"category","embeddable":true,"href":"https:\/\/ceas.org.pe\/index.php\/wp-json\/wp\/v2\/categories?post=2476"},{"taxonomy":"post_tag","embeddable":true,"href":"https:\/\/ceas.org.pe\/index.php\/wp-json\/wp\/v2\/tags?post=2476"}],"curies":[{"name":"wp","href":"https:\/\/api.w.org\/{rel}","templated":true}]}}