{"id":2475,"date":"2015-08-28T17:22:01","date_gmt":"2015-08-28T17:22:01","guid":{"rendered":""},"modified":"2026-03-11T09:12:10","modified_gmt":"2026-03-11T14:12:10","slug":"1-de-setiembre-jornada-mundial-de-oracion-por-el-cuidado-de-la-creacion","status":"publish","type":"post","link":"https:\/\/ceas.org.pe\/index.php\/2015\/08\/28\/1-de-setiembre-jornada-mundial-de-oracion-por-el-cuidado-de-la-creacion\/","title":{"rendered":"1 de setiembre: Jornada Mundial de Oraci\u00f3n por el Cuidado de la Creaci\u00f3n"},"content":{"rendered":"<p>Ciudad del Vaticano (ZENIT.org).-\u00a0Durante la audiencia general de este mi\u00e9rcoles en la Plaza de San Pedro, el papa Francisco record\u00f3 que el pr\u00f3ximo martes 1 de septiembre se celebrar\u00e1 por primera vez la Jornada Mundial de Oraci\u00f3n por el cuidado de la Creaci\u00f3n.<\/p>\n<div>\u00a0<\/div>\n<div>\u201cEn comuni\u00f3n de oraci\u00f3n con nuestros hermanos ortodoxos y con todas las personas de buena voluntad, queremos ofrecer nuestra contribuci\u00f3n para superar la crisis ecol\u00f3gica que se est\u00e1 viviendo\u201d.<\/div>\n<div>\u00a0<\/div>\n<div>Record\u00f3 que \u201cen todo el mundo las varias realidades eclesiales locales han programado oportunas iniciativas de reflexi\u00f3n, para que la Jornada se vuelva un momento fuerte, tambi\u00e9n teniendo e vista que deben ser asumidos estilos de vida coherentes\u201d.<\/div>\n<div>\u00a0<\/div>\n<div>\u201cCon los obispos, sacerdotes, las personas consagradas y los fieles de la Curia Romana -precis\u00f3 el Pont\u00edfice- nos encontraremos en la bas\u00edlica de San Pedro a las 17 horas, para una liturgia de la palabra, a la cual invito desde ahora a participar a todos los romanos, a los peregrinos y a quienes lo deseen\u201d.<\/div>\n<div>\u00a0<\/div>\n<div>Fuente:zenit.org<\/div>\n<p><a href=\"http:\/\/web.hilo.org.pe\/wp-content\/uploads\/jorndaoracion.jpg\" target=\"_blank\" rel=\"noopener\">Ver archivo adjunto<\/a><\/p>\n","protected":false},"excerpt":{"rendered":"<p>Ciudad del Vaticano (ZENIT.org).- Durante la audiencia general de este mi?rcoles en la Plaza de San Pedro, el papa Francisco record? que el pr?ximo martes 1 de septiembre se celebrar? por primera vez la Jornada Mundial de Oraci?n por el cuidado de la Creaci?n.<\/p>\n","protected":false},"author":1,"featured_media":7881,"comment_status":"closed","ping_status":"closed","sticky":false,"template":"","format":"standard","meta":{"footnotes":""},"categories":[9],"tags":[],"class_list":["post-2475","post","type-post","status-publish","format-standard","has-post-thumbnail","hentry","category-noticias"],"_links":{"self":[{"href":"https:\/\/ceas.org.pe\/index.php\/wp-json\/wp\/v2\/posts\/2475","targetHints":{"allow":["GET"]}}],"collection":[{"href":"https:\/\/ceas.org.pe\/index.php\/wp-json\/wp\/v2\/posts"}],"about":[{"href":"https:\/\/ceas.org.pe\/index.php\/wp-json\/wp\/v2\/types\/post"}],"author":[{"embeddable":true,"href":"https:\/\/ceas.org.pe\/index.php\/wp-json\/wp\/v2\/users\/1"}],"replies":[{"embeddable":true,"href":"https:\/\/ceas.org.pe\/index.php\/wp-json\/wp\/v2\/comments?post=2475"}],"version-history":[{"count":1,"href":"https:\/\/ceas.org.pe\/index.php\/wp-json\/wp\/v2\/posts\/2475\/revisions"}],"predecessor-version":[{"id":6743,"href":"https:\/\/ceas.org.pe\/index.php\/wp-json\/wp\/v2\/posts\/2475\/revisions\/6743"}],"wp:featuredmedia":[{"embeddable":true,"href":"https:\/\/ceas.org.pe\/index.php\/wp-json\/wp\/v2\/media\/7881"}],"wp:attachment":[{"href":"https:\/\/ceas.org.pe\/index.php\/wp-json\/wp\/v2\/media?parent=2475"}],"wp:term":[{"taxonomy":"category","embeddable":true,"href":"https:\/\/ceas.org.pe\/index.php\/wp-json\/wp\/v2\/categories?post=2475"},{"taxonomy":"post_tag","embeddable":true,"href":"https:\/\/ceas.org.pe\/index.php\/wp-json\/wp\/v2\/tags?post=2475"}],"curies":[{"name":"wp","href":"https:\/\/api.w.org\/{rel}","templated":true}]}}