{"id":2473,"date":"2015-08-27T13:40:54","date_gmt":"2015-08-27T13:40:54","guid":{"rendered":""},"modified":"2026-03-11T09:12:10","modified_gmt":"2026-03-11T14:12:10","slug":"defensoroa-del-pueblo-lanzo-campaoa-a-favor-de-las-personas-mayores","status":"publish","type":"post","link":"https:\/\/ceas.org.pe\/index.php\/2015\/08\/27\/defensoroa-del-pueblo-lanzo-campaoa-a-favor-de-las-personas-mayores\/","title":{"rendered":"Defensor\u00f3a del Pueblo lanz\u00f3 campa\u00f3a a favor de las personas mayores"},"content":{"rendered":"<p>El 15 de junio de 2015, la Asamblea General de la Organizaci\u00f3n de los Estados Americanos aprob\u00f3 la Convenci\u00f3n Interamericana sobre la Protecci\u00f3n de los Derechos Humanos de las Personas Mayores.<\/p>\n<div>\u00a0<\/div>\n<div>La aprobaci\u00f3n de este primer documento internacional, espec\u00edfico para las personas mayores, es clara muestra de la necesidad de los Estados por adaptar su legislaci\u00f3n y sus pol\u00edticas a un nuevo contexto caracterizado por el aumento de este sector de la poblaci\u00f3n.<\/div>\n<div>\u00a0<\/div>\n<div>As\u00ed, la Convenci\u00f3n Interamericana reconoce que la persona, a medida que envejece, debe seguir disfrutando de una vida plena, independiente y aut\u00f3noma, con salud, seguridad, integraci\u00f3n y participaci\u00f3n activa; adem\u00e1s del derecho a una vida digna y sin violencia; as\u00ed como a la autonom\u00eda e independencia en la definici\u00f3n del plan de vida, a un sistema integral de cuidados que provea la protecci\u00f3n y promoci\u00f3n de la salud.<\/div>\n<div>\u00a0<\/div>\n<div>Tambi\u00e9n proh\u00edbe la discriminaci\u00f3n por la edad, reiterando que la persona mayor tiene capacidad jur\u00eddica en igualdad de condiciones que las dem\u00e1s personas, en todos los aspectos de la vida y dispone la incorporaci\u00f3n y priorizaci\u00f3n del tema envejecimiento en las pol\u00edticas de los pa\u00edses.<\/div>\n<div>\u00a0<\/div>\n<div>La suscripci\u00f3n de esta Convenci\u00f3n contribuir\u00e1 significativamente a promover, proteger y asegurar el pleno goce y ejercicio de los derechos de las personas mayores. Si bien nuestro pa\u00eds a\u00fan no la ha suscrito, hacemos votos para que se produzca en el corto plazo.<\/div>\n<div>\u00a0<\/div>\n<div>En atenci\u00f3n a ello, la Defensor\u00eda del Pueblo ha dado inicio a la campa\u00f1a \u00a1S\u00daMATE! para que todas las personas que lo deseen \u2013sin importar la edad\u2013 formulen su pedido para que el Per\u00fa suscriba la Convenci\u00f3n.<\/div>\n<div>\u00a0<\/div>\n<div>En esta p\u00e1gina web podr\u00e1s informarte sobre los principales temas regulados en la Convenci\u00f3n, acceder al texto \u00edntegro de este documento e ingresar tus datos para sumarte al pedido por la suscripci\u00f3n.<\/div>\n<div>\u00a0<\/div>\n<div>Esta invitaci\u00f3n ayuda a construir juntos \u201cUna sociedad para todas las edades\u201d, nombre tambi\u00e9n del spot realizado por la Defensor\u00eda del Pueblo, en el marco de esta campa\u00f1a \u2500con la participaci\u00f3n de personas mayores, j\u00f3venes, ni\u00f1os y ni\u00f1as\u2500, el cual presenta los diversos roles que desempe\u00f1an las personas mayores en nuestra sociedad.<\/div>\n<div>\u00a0<\/div>\n<div>El objetivo de este spot es promover el cambio de paradigmas sobre la vejez, generar una nueva percepci\u00f3n sobre la posici\u00f3n de la persona adulta mayor en nuestra comunidad y hacer un llamado a la reflexi\u00f3n respecto a su importante contribuci\u00f3n a nuestro pa\u00eds.<\/div>\n<div>\u00a0<\/div>\n<div>En el D\u00eda Nacional de la Persona Adulta Mayor que se celebra el 26 de agosto de cada a\u00f1o, los invitamos a ser parte de estas iniciativas donde todos y todas podemos participar.<\/div>\n<div>\u00a0<\/div>\n<div>Fuente: Defensor\u00eda del Pueblo<\/div>\n<p><a href=\"http:\/\/web.hilo.org.pe\/wp-content\/uploads\/sumate.png\" target=\"_blank\" rel=\"noopener\">Ver archivo adjunto<\/a><\/p>\n","protected":false},"excerpt":{"rendered":"<p>\u00a0El 15 de junio de 2015, la Asamblea General de la Organizaci\u00f3n de los Estados Americanos aprob\u00f3 la Convenci\u00f3n Interamericana sobre la Protecci\u00f3n de los Derechos Humanos de las Personas Mayores.<\/p>\n","protected":false},"author":1,"featured_media":7848,"comment_status":"closed","ping_status":"closed","sticky":false,"template":"","format":"standard","meta":{"footnotes":""},"categories":[9],"tags":[],"class_list":["post-2473","post","type-post","status-publish","format-standard","has-post-thumbnail","hentry","category-noticias"],"_links":{"self":[{"href":"https:\/\/ceas.org.pe\/index.php\/wp-json\/wp\/v2\/posts\/2473","targetHints":{"allow":["GET"]}}],"collection":[{"href":"https:\/\/ceas.org.pe\/index.php\/wp-json\/wp\/v2\/posts"}],"about":[{"href":"https:\/\/ceas.org.pe\/index.php\/wp-json\/wp\/v2\/types\/post"}],"author":[{"embeddable":true,"href":"https:\/\/ceas.org.pe\/index.php\/wp-json\/wp\/v2\/users\/1"}],"replies":[{"embeddable":true,"href":"https:\/\/ceas.org.pe\/index.php\/wp-json\/wp\/v2\/comments?post=2473"}],"version-history":[{"count":1,"href":"https:\/\/ceas.org.pe\/index.php\/wp-json\/wp\/v2\/posts\/2473\/revisions"}],"predecessor-version":[{"id":6745,"href":"https:\/\/ceas.org.pe\/index.php\/wp-json\/wp\/v2\/posts\/2473\/revisions\/6745"}],"wp:featuredmedia":[{"embeddable":true,"href":"https:\/\/ceas.org.pe\/index.php\/wp-json\/wp\/v2\/media\/7848"}],"wp:attachment":[{"href":"https:\/\/ceas.org.pe\/index.php\/wp-json\/wp\/v2\/media?parent=2473"}],"wp:term":[{"taxonomy":"category","embeddable":true,"href":"https:\/\/ceas.org.pe\/index.php\/wp-json\/wp\/v2\/categories?post=2473"},{"taxonomy":"post_tag","embeddable":true,"href":"https:\/\/ceas.org.pe\/index.php\/wp-json\/wp\/v2\/tags?post=2473"}],"curies":[{"name":"wp","href":"https:\/\/api.w.org\/{rel}","templated":true}]}}