{"id":2470,"date":"2015-08-25T12:53:56","date_gmt":"2015-08-25T12:53:56","guid":{"rendered":""},"modified":"2026-03-11T09:12:10","modified_gmt":"2026-03-11T14:12:10","slug":"cusco-contra-la-anemia-y-la-desnutricion-infantil","status":"publish","type":"post","link":"https:\/\/ceas.org.pe\/index.php\/2015\/08\/25\/cusco-contra-la-anemia-y-la-desnutricion-infantil\/","title":{"rendered":"Cusco contra la anemia y la desnutrici\u00f3n infantil"},"content":{"rendered":"<p>El 17 y 18 \u00a0de setiembre se realizar\u00e1 la \u00abMovilizaci\u00f3n regional en Cusco contra la anemia y la desnutrici\u00f3n infantil\u201d. Esta movilizaci\u00f3n, organizada por el Grupo Impulsor Inversi\u00f3n en la Infancia y el Gobierno Regional de Cusco, tiene como objetivo priorizar en la agenda de esta regi\u00f3n el combate contra la anemia y la desnutrici\u00f3n infantil y la atenci\u00f3n a la primera infancia.\u00a0<\/p>\n<div>\u00a0<\/div>\n<div>La realizaci\u00f3n de esta movilizaci\u00f3n regional contra la anemia y la desnutrici\u00f3n infantil se anunci\u00f3 en conferencia de prensa el 19 de agosto en la ciudad del Cusco, en la que participaron autoridades locales y representantes del Grupo Impulsor Inversi\u00f3n en la Infancia.\u00a0<\/div>\n<div>\u00a0<\/div>\n<div>En esta conferencia de prensa, el gerente de Desarrollo Social de Cusco, Boris Aguilar, se\u00f1al\u00f3 que siendo Cusco la sexta regi\u00f3n del pa\u00eds con el mayor \u00edndice de anemia en ni\u00f1os menores de cinco a\u00f1os \u201ces necesario un trabajo conjunto entre todos los sectores del Estado y la sociedad civil para alcanzar la meta anemia y desnutrici\u00f3n cero\u201d.\u00a0<\/div>\n<div>\u00a0<\/div>\n<div>\u201cNo se debe invertir s\u00f3lo en infraestructura; es importante priorizar todos los recursos, tanto econ\u00f3micos como humanos, para proteger a la primera infancia, en especial en el tema de la anemia y la desnutrici\u00f3n, ya que no puede ser que Cusco tenga altos \u00edndices de ni\u00f1os afectados con estos dos problemas\u201d, sostuvo Boris Aguilar.<\/div>\n<div>\u00a0<\/div>\n<div>Salvador Herencia, miembro directivo del Grupo Impulsor Inversi\u00f3n en la Infancia, remarc\u00f3 en esta conferencia de prensa que \u201ccuando se habla de ni\u00f1os con anemia y desnutrici\u00f3n no se trata de un asunto de estad\u00edsticas, sino de vidas humanas. Se trata de la poblaci\u00f3n m\u00e1s vulnerable, nuestros ni\u00f1os m\u00e1s peque\u00f1os\u201d.\u00a0<\/div>\n<div>\u00a0<\/div>\n<div>\u00d3scar Liendo, m\u00e9dico pediatra especialista en pol\u00edticas p\u00fablicas y miembro del Grupo Impulsor Inversi\u00f3n en la Infancia, indic\u00f3 que el combate contra la anemia y la desnutrici\u00f3n infantil \u201ces un problema multisectorial que requiere del esfuerzo de todos los sectores del Estado\u201d. El doctor Liendo calific\u00f3 como \u201cpreocupante\u201d la falta de acceso a una alimentaci\u00f3n adecuada. \u201cLa disponibilidad de alimentos nutritivos sigue siendo uno de los problemas m\u00e1s terribles para combatir estos dos problemas que afectan el desarrollo de los ni\u00f1os\u201d, indic\u00f3.\u00a0<\/div>\n<div>\u00a0<\/div>\n<div>El director de la Oficina de Cooperaci\u00f3n T\u00e9cnica Internacional del Gobierno Regional de Cusco, Romel Jim\u00e9nez, sostuvo que \u201cla anemia infantil no se debe reducir solamente en 20 \u00f3 30 puntos porcentuales, hay que aspirar a reducirla a cero\u201d. \u201cComo gobierno regional \u2013recalc\u00f3 Jim\u00e9nez- asumimos el compromiso de que ning\u00fan ni\u00f1o tenga anemia o desnutrici\u00f3n. Tenemos los recursos, por ello es un compromiso real que podemos asumir\u201d.\u00a0<\/div>\n<div>\u00a0<\/div>\n<div>En la regi\u00f3n Cusco hay m\u00e1s de 58 mil ni\u00f1os menores de cinco a\u00f1os que sufren de anemia (el 46,7% de los ni\u00f1os de esta edad) y cerca de 23 mil que tienen desnutrici\u00f3n cr\u00f3nica. Los niveles de anemia y desnutrici\u00f3n infantil en Cusco son mayores a los promedios nacionales (ver nota \u201cM\u00e1s de la mitad de los ni\u00f1os del Cusco sufren de anemia\u201d). \u00a0\u00a0<\/div>\n<div>\u00a0<\/div>\n<div>Actividades de la movilizaci\u00f3n<\/div>\n<div>\u00a0<\/div>\n<div>\u00a0<\/div>\n<div>El evento central de esta \u201cMovilizaci\u00f3n regional en Cusco contra la anemia y la desnutrici\u00f3n infantil\u201d ser\u00e1 un encuentro pol\u00edtico social en el que se analizar\u00e1 la situaci\u00f3n de la infancia en la regi\u00f3n Cusco y se promover\u00e1 un acuerdo regional para priorizar el combate contra estos dos graves problemas que afectan el desarrollo de los ni\u00f1os y ni\u00f1as.\u00a0<\/div>\n<div>\u00a0<\/div>\n<div>En este encuentro participar\u00e1n el gobernador regional, Edwin Licona y otras autoridades regionales; alcaldes provinciales y distritales de esta regi\u00f3n y sus equipos municipales; miembros del gobierno central, entre ellos el viceministro de Salud, Percy Minaya, y representantes del Ministerio de Desarrollo e Inclusi\u00f3n Social; los directivos del Grupo Impulsor Inversi\u00f3n en la Infancia y representantes de la sociedad civil. \u00a0<\/div>\n<div>\u00a0<\/div>\n<div>Durante los dos d\u00edas de esta movilizaci\u00f3n tambi\u00e9n se llevar\u00e1n a cabo un curso dirigido a gerentes de desarrollo social y operadores de gesti\u00f3n local y municipal sobre un plan de monitoreo para la implementaci\u00f3n del Certificado de Nacido Vivo y del Patr\u00f3n Nominal para el seguimiento de la salud de los ni\u00f1os y la prevenci\u00f3n de la anemia y la desnutrici\u00f3n infantil desde el nivel local, y un taller para periodistas locales sobre c\u00f3mo movilizar a la comunidad y a los actores sociales en la lucha contra la anemia y la desnutrici\u00f3n infantil.\u00a0<\/div>\n<div>\u00a0<\/div>\n<div>Asimismo, como parte de esta movilizaci\u00f3n habr\u00e1 una \u00abFeria de experiencias contra la anemia y la desnutrici\u00f3n y de la papilla nutricional\u00bb, en la cual se mostrar\u00e1 la preparaci\u00f3n de papillas y alimentos para ni\u00f1os y ni\u00f1as de 6 a 36 meses, a base de productos de esta regi\u00f3n con un importante contenido de hierro. En esta feria participar\u00e1n instituciones p\u00fablicas y diversas ONG.<\/div>\n<div>\u00a0<\/div>\n<div>El evento central de la \u201cMovilizaci\u00f3n regional en Cusco contra la anemia y la desnutrici\u00f3n infantil\u00bb ser\u00e1 transmitido en vivo por Salgal\u00fa TV Online (www.salgalu.tv) y la p\u00e1gina web de Inversi\u00f3n en la Infancia (www.inversionenlainfancia.net).<\/div>\n<div>\u00a0<\/div>\n<div>Fuente: inversionenlainfancia.net<\/div>\n<p><a href=\"http:\/\/web.hilo.org.pe\/wp-content\/uploads\/Cuscocontraanemia.jpg\" target=\"_blank\" rel=\"noopener\">Ver archivo adjunto<\/a><\/p>\n","protected":false},"excerpt":{"rendered":"<p>\u00a0El 17 y 18 \u00a0de setiembre se realizar\u00e1 la \u00abMovilizaci\u00f3n regional en Cusco contra la anemia y la desnutrici\u00f3n infantil\u201d. Esta movilizaci\u00f3n, organizada por el Grupo Impulsor Inversi\u00f3n en la Infancia y el Gobierno Regional de Cusco, tiene como objetivo priorizar en la agenda de esta regi\u00f3n el combate contra la anemia y la desnutrici\u00f3n infantil y la atenci\u00f3n a la primera infancia.\u00a0<\/p>\n","protected":false},"author":1,"featured_media":8075,"comment_status":"closed","ping_status":"closed","sticky":false,"template":"","format":"standard","meta":{"footnotes":""},"categories":[9],"tags":[],"class_list":["post-2470","post","type-post","status-publish","format-standard","has-post-thumbnail","hentry","category-noticias"],"_links":{"self":[{"href":"https:\/\/ceas.org.pe\/index.php\/wp-json\/wp\/v2\/posts\/2470","targetHints":{"allow":["GET"]}}],"collection":[{"href":"https:\/\/ceas.org.pe\/index.php\/wp-json\/wp\/v2\/posts"}],"about":[{"href":"https:\/\/ceas.org.pe\/index.php\/wp-json\/wp\/v2\/types\/post"}],"author":[{"embeddable":true,"href":"https:\/\/ceas.org.pe\/index.php\/wp-json\/wp\/v2\/users\/1"}],"replies":[{"embeddable":true,"href":"https:\/\/ceas.org.pe\/index.php\/wp-json\/wp\/v2\/comments?post=2470"}],"version-history":[{"count":1,"href":"https:\/\/ceas.org.pe\/index.php\/wp-json\/wp\/v2\/posts\/2470\/revisions"}],"predecessor-version":[{"id":6748,"href":"https:\/\/ceas.org.pe\/index.php\/wp-json\/wp\/v2\/posts\/2470\/revisions\/6748"}],"wp:featuredmedia":[{"embeddable":true,"href":"https:\/\/ceas.org.pe\/index.php\/wp-json\/wp\/v2\/media\/8075"}],"wp:attachment":[{"href":"https:\/\/ceas.org.pe\/index.php\/wp-json\/wp\/v2\/media?parent=2470"}],"wp:term":[{"taxonomy":"category","embeddable":true,"href":"https:\/\/ceas.org.pe\/index.php\/wp-json\/wp\/v2\/categories?post=2470"},{"taxonomy":"post_tag","embeddable":true,"href":"https:\/\/ceas.org.pe\/index.php\/wp-json\/wp\/v2\/tags?post=2470"}],"curies":[{"name":"wp","href":"https:\/\/api.w.org\/{rel}","templated":true}]}}