{"id":2467,"date":"2015-08-21T18:12:07","date_gmt":"2015-08-21T18:12:07","guid":{"rendered":""},"modified":"2026-03-11T09:12:10","modified_gmt":"2026-03-11T14:12:10","slug":"papa-francisco-sero-nuevamente-candidato-al-premio-nobel-de-la-paz","status":"publish","type":"post","link":"https:\/\/ceas.org.pe\/index.php\/2015\/08\/21\/papa-francisco-sero-nuevamente-candidato-al-premio-nobel-de-la-paz\/","title":{"rendered":"Papa Francisco ser\u00f3 nuevamente candidato al Premio Nobel de la Paz"},"content":{"rendered":"<p>El Papa Francisco ha vuelto a figurar en la lista de los 20 posibles candidatos a ser el pr\u00f3ximo Nobel de la Paz en 2015, seg\u00fan han informado fuentes del Instituto Nobel de Oslo.<\/p>\n<div>Por tercera vez consecutiva, el Pont\u00edfice aparece en la lista de los nominados que aspiran a ser premiados con este galard\u00f3n, despu\u00e9s de haber sido seleccionado entre las 273 nominaciones iniciales propuestas por organizaciones nacionales e internacionales.<\/div>\n<div>\u00a0<\/div>\n<div>En este sentido, la organizaci\u00f3n del premio Nobel de la Paz ha precisado que la propuesta de Francisco procede de 205 personas autorizadas y de 68 organizaciones.<\/div>\n<div>\u00a0<\/div>\n<div>Despu\u00e9s de contribuir al \u00abdeshielo\u00bb de las relaciones entre Cuba y Estados Unidos y tender puentes de di\u00e1logo entre otros pa\u00edses, Francisco se ha convertido en una de las figuras m\u00e1s relevantes a la hora de pacificar conflictos.<\/div>\n<div>\u00a0<\/div>\n<div>El pr\u00f3ximo 9 de octubre se dar\u00e1 a conocer el nombre del ganador del Nobel de la Paz de este a\u00f1o 2015. El premio se atribuye a \u00abla persona que haya trabajado m\u00e1s o mejor en favor de la fraternidad entre las naciones, la abolici\u00f3n o reducci\u00f3n de los ej\u00e9rcitos existentes y la celebraci\u00f3n y promoci\u00f3n de procesos de paz\u00bb.<\/div>\n<div>\u00a0<\/div>\n<div>Fuente: es.catholic.net<\/div>\n<p><a href=\"http:\/\/web.hilo.org.pe\/wp-content\/uploads\/Nobel de la paz.jpg\" target=\"_blank\" rel=\"noopener\">Ver archivo adjunto<\/a><\/p>\n","protected":false},"excerpt":{"rendered":"<p>\u00a0El Papa Francisco ha vuelto a figurar en la lista de los 20 posibles candidatos a ser el pr\u00f3ximo Nobel de la Paz en 2015, seg\u00fan han informado fuentes del Instituto Nobel de Oslo.\u00a0Por tercera vez consecutiva, el Pont\u00edfice aparece en la lista de los nominados que aspiran a ser premiados con este galard\u00f3n, despu\u00e9s de haber sido seleccionado entre las 273 nominaciones iniciales propuestas por organizaciones nacionales e internacionales.<\/p>\n","protected":false},"author":1,"featured_media":7855,"comment_status":"closed","ping_status":"closed","sticky":false,"template":"","format":"standard","meta":{"footnotes":""},"categories":[9],"tags":[],"class_list":["post-2467","post","type-post","status-publish","format-standard","has-post-thumbnail","hentry","category-noticias"],"_links":{"self":[{"href":"https:\/\/ceas.org.pe\/index.php\/wp-json\/wp\/v2\/posts\/2467","targetHints":{"allow":["GET"]}}],"collection":[{"href":"https:\/\/ceas.org.pe\/index.php\/wp-json\/wp\/v2\/posts"}],"about":[{"href":"https:\/\/ceas.org.pe\/index.php\/wp-json\/wp\/v2\/types\/post"}],"author":[{"embeddable":true,"href":"https:\/\/ceas.org.pe\/index.php\/wp-json\/wp\/v2\/users\/1"}],"replies":[{"embeddable":true,"href":"https:\/\/ceas.org.pe\/index.php\/wp-json\/wp\/v2\/comments?post=2467"}],"version-history":[{"count":1,"href":"https:\/\/ceas.org.pe\/index.php\/wp-json\/wp\/v2\/posts\/2467\/revisions"}],"predecessor-version":[{"id":6751,"href":"https:\/\/ceas.org.pe\/index.php\/wp-json\/wp\/v2\/posts\/2467\/revisions\/6751"}],"wp:featuredmedia":[{"embeddable":true,"href":"https:\/\/ceas.org.pe\/index.php\/wp-json\/wp\/v2\/media\/7855"}],"wp:attachment":[{"href":"https:\/\/ceas.org.pe\/index.php\/wp-json\/wp\/v2\/media?parent=2467"}],"wp:term":[{"taxonomy":"category","embeddable":true,"href":"https:\/\/ceas.org.pe\/index.php\/wp-json\/wp\/v2\/categories?post=2467"},{"taxonomy":"post_tag","embeddable":true,"href":"https:\/\/ceas.org.pe\/index.php\/wp-json\/wp\/v2\/tags?post=2467"}],"curies":[{"name":"wp","href":"https:\/\/api.w.org\/{rel}","templated":true}]}}