{"id":2459,"date":"2015-08-17T13:56:39","date_gmt":"2015-08-17T13:56:39","guid":{"rendered":""},"modified":"2026-03-11T09:12:11","modified_gmt":"2026-03-11T14:12:11","slug":"colectas-de-la-campaoa-compartir-2015-seron-a-fines-de-agosto","status":"publish","type":"post","link":"https:\/\/ceas.org.pe\/index.php\/2015\/08\/17\/colectas-de-la-campaoa-compartir-2015-seron-a-fines-de-agosto\/","title":{"rendered":"Colectas de la Campa\u00f3a Compartir 2015 ser\u00f3n a fines de agosto"},"content":{"rendered":"<div>En el marco de la Campa\u00f1a de Solidaridad \u201cCompartir\u201d 2015, que busca ayudar a los ni\u00f1os abandonados de nuestro pa\u00eds, con el tema: \u201cSolidaridad con la ni\u00f1ez abandonada, con tu ayuda podemos protegerlos\u201d, el pr\u00f3ximo 28 de agosto se realizar\u00e1 en todo el pa\u00eds la Colecta P\u00fablica de la Campa\u00f1a de Solidaridad \u201cCompartir\u201d, acci\u00f3n solidaria que este a\u00f1o busca sensibilizar a la sociedad sobre ni\u00f1ez abandonada en nuestro pa\u00eds.<\/div>\n<div>\u00a0<\/div>\n<div>\u00a0<\/div>\n<div>Durante este d\u00eda, cientos de voluntarios en todo el pa\u00eds, recorrer\u00e1n las calles con alcanc\u00edas y el distintivo de la Campa\u00f1a Compartir, para recibir el aporte generoso de las personas que deseen colaborar con esta campa\u00f1a. Asimismo, el domingo 30 de agosto, se realizar\u00e1 la Colecta de la campa\u00f1a en los templos y parroquias de todo el Per\u00fa.\u00a0<\/div>\n<div>\u00a0<\/div>\n<div>\u00a0<\/div>\n<div>La Campa\u00f1a de Solidaridad \u201cCompartir\u201d es una acci\u00f3n solidaria de la Conferencia Episcopal Peruana, que desde 1990 trabaja un tema diferente cada a\u00f1o, a favor de las poblaciones m\u00e1s necesitadas del pa\u00eds. La finalidad es financiar diversos proyectos sociales gracias al aporte econ\u00f3mico de las personas e instituciones, que permitir\u00e1 solventar proyectos sociales a favor de ellos.<\/div>\n<div>\u00a0<\/div>\n<div>\u00a0<\/div>\n<div>A trav\u00e9s de esta Campa\u00f1a Compartir, la Iglesia Cat\u00f3lica acude en ayuda de los m\u00e1s d\u00e9biles y desprotegidos, velando y promoviendo la vida familiar y los derechos de los ni\u00f1os a una vida digna. Tambi\u00e9n se busca que la sociedad realice una adecuada vigilancia en cumplimiento de los derechos del ni\u00f1o, ni\u00f1a y adolescente, para evitar la explotaci\u00f3n y el maltrato infantil.<\/div>\n<div>\u00a0<\/div>\n<div>\u00a0<\/div>\n<div>Las personas e instituciones tambi\u00e9n podr\u00e1n colaborar depositando sus donaciones econ\u00f3micas en las cuentas corrientes en soles y d\u00f3lares de la Campa\u00f1a de Solidaridad \u201cCompartir\u201d, del Banco de Cr\u00e9dito del Per\u00fa (BCP), en soles (N\u00ba 193-0691233-0-50) y en d\u00f3lares (N\u00ba 193-0730120-1-59).<\/div>\n<div>\u00a0<\/div>\n<div>(Fuente: CEP)<\/div>\n<p><a href=\"http:\/\/web.hilo.org.pe\/wp-content\/uploads\/compartir_logo.jpg\" target=\"_blank\" rel=\"noopener\">Ver archivo adjunto<\/a><\/p>\n","protected":false},"excerpt":{"rendered":"<p>En el marco de la Campa?a de Solidaridad ?Compartir? 2015, que busca ayudar a los ni?os abandonados de nuestro pa?s, con el tema: ?Solidaridad con la ni?ez abandonada, con tu ayuda podemos protegerlos?, el pr?ximo 28 de agosto se realizar? en todo el pa?s la Colecta P?blica de la Campa?a de Solidaridad ?Compartir?, acci?n solidaria que este a?o busca sensibilizar a la sociedad sobre ni?ez abandonada en nuestro pa?s.<\/p>\n","protected":false},"author":1,"featured_media":7905,"comment_status":"closed","ping_status":"closed","sticky":false,"template":"","format":"standard","meta":{"footnotes":""},"categories":[9],"tags":[],"class_list":["post-2459","post","type-post","status-publish","format-standard","has-post-thumbnail","hentry","category-noticias"],"_links":{"self":[{"href":"https:\/\/ceas.org.pe\/index.php\/wp-json\/wp\/v2\/posts\/2459","targetHints":{"allow":["GET"]}}],"collection":[{"href":"https:\/\/ceas.org.pe\/index.php\/wp-json\/wp\/v2\/posts"}],"about":[{"href":"https:\/\/ceas.org.pe\/index.php\/wp-json\/wp\/v2\/types\/post"}],"author":[{"embeddable":true,"href":"https:\/\/ceas.org.pe\/index.php\/wp-json\/wp\/v2\/users\/1"}],"replies":[{"embeddable":true,"href":"https:\/\/ceas.org.pe\/index.php\/wp-json\/wp\/v2\/comments?post=2459"}],"version-history":[{"count":1,"href":"https:\/\/ceas.org.pe\/index.php\/wp-json\/wp\/v2\/posts\/2459\/revisions"}],"predecessor-version":[{"id":6759,"href":"https:\/\/ceas.org.pe\/index.php\/wp-json\/wp\/v2\/posts\/2459\/revisions\/6759"}],"wp:featuredmedia":[{"embeddable":true,"href":"https:\/\/ceas.org.pe\/index.php\/wp-json\/wp\/v2\/media\/7905"}],"wp:attachment":[{"href":"https:\/\/ceas.org.pe\/index.php\/wp-json\/wp\/v2\/media?parent=2459"}],"wp:term":[{"taxonomy":"category","embeddable":true,"href":"https:\/\/ceas.org.pe\/index.php\/wp-json\/wp\/v2\/categories?post=2459"},{"taxonomy":"post_tag","embeddable":true,"href":"https:\/\/ceas.org.pe\/index.php\/wp-json\/wp\/v2\/tags?post=2459"}],"curies":[{"name":"wp","href":"https:\/\/api.w.org\/{rel}","templated":true}]}}