{"id":2455,"date":"2015-08-13T13:40:12","date_gmt":"2015-08-13T13:40:12","guid":{"rendered":""},"modified":"2026-03-11T09:12:11","modified_gmt":"2026-03-11T14:12:11","slug":"reconoceron-a-instituciones-que-promueven-buen-trato-para-la-nioez","status":"publish","type":"post","link":"https:\/\/ceas.org.pe\/index.php\/2015\/08\/13\/reconoceron-a-instituciones-que-promueven-buen-trato-para-la-nioez\/","title":{"rendered":"Reconocer\u00f3n a instituciones que promueven Buen Trato para la Ni\u00f3ez"},"content":{"rendered":"<p>Como parte del lanzamiento oficial de la campa\u00f1a nacional \u201cBuen Trato para la Ni\u00f1ez\u201d 2015, este viernes 14 de agosto ser\u00e1 la entrega de los reconocimientos a instituciones y personajes que promueven los derechos de las ni\u00f1as, los ni\u00f1os y adolescentes en el pa\u00eds.<\/p>\n<div>\u00a0<\/div>\n<div>El Jurado Nacional de Elecciones, el Gobierno Regional de Lima, el Ministerio de Educaci\u00f3n, \u00a0el Grupo Impulsor del Acuerdo de Gobernabilidad de Hu\u00e1nuco y Paul Mart\u00edn ex representante de UNICEF en el Per\u00fa, ser\u00e1n reconocidos por sus diversos aportes a la protecci\u00f3n de la ni\u00f1ez y adolescencia, como una prioridad para el desarrollo de la sociedad.<\/div>\n<div>\u00a0<\/div>\n<div>\u201cBuen Trato para la Ni\u00f1ez\u201d es una campa\u00f1a promovida por el Colectivo Interinstitucional por los Derechos de la Ni\u00f1ez y Adolescencia, integrado por m\u00e1s de 40 organizaciones de la sociedad civil y la cooperaci\u00f3n internacional, y coordinado por la Mesa de Concertaci\u00f3n para la Lucha contra la Pobreza. \u00a0<\/div>\n<div>\u00a0<\/div>\n<div>La campa\u00f1a tambi\u00e9n busca impulsar la elaboraci\u00f3n de una agenda de prioridades de pol\u00edtica nacional y metas al 2021, en cumplimiento de la Convenci\u00f3n sobre los Derechos del Ni\u00f1o, la Agenda Nacional por la Ni\u00f1ez y la Adolescencia 2011-2016, entre otros documentos normativos y de lineamiento de pol\u00edticas.<\/div>\n<div>\u00a0<\/div>\n<div>Fue promovida por primera vez el a\u00f1o 2013 y logr\u00f3 que 702 mil 224 personas se comprometan a adoptar pr\u00e1cticas de Buen Trato en todas sus actividades y permiti\u00f3 establecer las condiciones, a nivel nacional y regional, para la concertaci\u00f3n de los Acuerdos de Gobernabilidad 2015 &#8211; 2018 en temas de ni\u00f1ez, que fueron firmados por el 86% de candidatos a Gobiernos Regionales. \u00a0<\/div>\n<div>\u00a0<\/div>\n<div>La entrega de los reconocimientos ser\u00e1 en el marco del Di\u00e1logo por la Concertaci\u00f3n \u201cRetos para la gobernabilidad: Per\u00fa al 2021\u201d, que organiza la Mesa de Concertaci\u00f3n para la Lucha contra la Pobreza, el viernes 14 de agosto.<\/div>\n<div>\u00a0<\/div>\n<div>En la actividad participar\u00e1n representantes de sociedad civil y Estado, que participan en la Mesa de Concertaci\u00f3n para la Lucha contra la Pobreza, procedentes de todas las regiones del pa\u00eds.<\/div>\n<div>\u00a0<\/div>\n<div>Fuente: www2.mesadeconcertacion.org.pe<\/div>\n<p><a href=\"http:\/\/web.hilo.org.pe\/wp-content\/uploads\/dialogoconcertacion.jpeg\" target=\"_blank\" rel=\"noopener\">Ver archivo adjunto<\/a><\/p>\n","protected":false},"excerpt":{"rendered":"<p>Como parte del lanzamiento oficial de la campa?a nacional ?Buen Trato para la Ni?ez? 2015, este viernes 14 de agosto ser? la entrega de los reconocimientos a instituciones y personajes que promueven los derechos de las ni?as, los ni?os y adolescentes en el pa?s.<\/p>\n","protected":false},"author":1,"featured_media":0,"comment_status":"closed","ping_status":"closed","sticky":false,"template":"","format":"standard","meta":{"footnotes":""},"categories":[9],"tags":[],"class_list":["post-2455","post","type-post","status-publish","format-standard","hentry","category-noticias"],"_links":{"self":[{"href":"https:\/\/ceas.org.pe\/index.php\/wp-json\/wp\/v2\/posts\/2455","targetHints":{"allow":["GET"]}}],"collection":[{"href":"https:\/\/ceas.org.pe\/index.php\/wp-json\/wp\/v2\/posts"}],"about":[{"href":"https:\/\/ceas.org.pe\/index.php\/wp-json\/wp\/v2\/types\/post"}],"author":[{"embeddable":true,"href":"https:\/\/ceas.org.pe\/index.php\/wp-json\/wp\/v2\/users\/1"}],"replies":[{"embeddable":true,"href":"https:\/\/ceas.org.pe\/index.php\/wp-json\/wp\/v2\/comments?post=2455"}],"version-history":[{"count":1,"href":"https:\/\/ceas.org.pe\/index.php\/wp-json\/wp\/v2\/posts\/2455\/revisions"}],"predecessor-version":[{"id":6763,"href":"https:\/\/ceas.org.pe\/index.php\/wp-json\/wp\/v2\/posts\/2455\/revisions\/6763"}],"wp:attachment":[{"href":"https:\/\/ceas.org.pe\/index.php\/wp-json\/wp\/v2\/media?parent=2455"}],"wp:term":[{"taxonomy":"category","embeddable":true,"href":"https:\/\/ceas.org.pe\/index.php\/wp-json\/wp\/v2\/categories?post=2455"},{"taxonomy":"post_tag","embeddable":true,"href":"https:\/\/ceas.org.pe\/index.php\/wp-json\/wp\/v2\/tags?post=2455"}],"curies":[{"name":"wp","href":"https:\/\/api.w.org\/{rel}","templated":true}]}}