{"id":2454,"date":"2015-08-13T11:33:12","date_gmt":"2015-08-13T11:33:12","guid":{"rendered":""},"modified":"2026-03-11T09:12:11","modified_gmt":"2026-03-11T14:12:11","slug":"doa-nacional-de-la-salud-y-el-buen-trato-al-paciente","status":"publish","type":"post","link":"https:\/\/ceas.org.pe\/index.php\/2015\/08\/13\/doa-nacional-de-la-salud-y-el-buen-trato-al-paciente\/","title":{"rendered":"D\u00f3a Nacional de la Salud y el Buen Trato al Paciente"},"content":{"rendered":"<p class=\"MsoNormal\" style=\"margin-bottom: 0.0001pt; text-align: justify; background-image: initial; background-attachment: initial; background-size: initial; background-origin: initial; background-clip: initial; background-position: initial; background-repeat: initial;\"><b><span lang=\"ES\" style=\"mso-fareast-font-family:\"Times New Roman\";\nmso-bidi-font-family:Helvetica;color:#141823;mso-fareast-language:ES\">D\u00eda Nacional de la Salud y el Buen Trato al Paciente<o:p><\/o:p><\/span><\/b><\/p>\n<p class=\"MsoNormal\" style=\"margin-bottom: 0.0001pt; text-align: justify; background-image: initial; background-attachment: initial; background-size: initial; background-origin: initial; background-clip: initial; background-position: initial; background-repeat: initial;\"><span style=\"color: rgb(20, 24, 35);\">El 13 de agosto se celebra el \u201cD\u00eda Nacional de la Salud y el Buen trato al Paciente\u201d, establecida en el Per\u00fa por la Ley N\u00b0 30023, promulgada el 21 de mayo del 2013. En este d\u00eda, desde las organizaciones de la Sociedad Civil organizada, hacemos una reflexi\u00f3n sincera sobre la situaci\u00f3n de los pacientes, el ejercicio del Derecho a la salud que toda persona posee y de las obligaciones de nuestras autoridades.<\/span><\/p>\n<p class=\"MsoNormal\" style=\"margin-bottom: 0.0001pt; text-align: justify; background-image: initial; background-attachment: initial; background-size: initial; background-origin: initial; background-clip: initial; background-position: initial; background-repeat: initial;\"><span lang=\"ES\" style=\"mso-fareast-font-family:\n\"Times New Roman\";mso-bidi-font-family:Helvetica;color:#141823;mso-fareast-language:\nES\">Una encuesta sobre el buen trato a los pacientes realizada por la Pastoral de Salud en el 2013 a 326 usuarios de establecimientos de salud del MINSA, ESSALUD, SISOL y privados en 11 distritos de Lima Metropolitana, revel\u00f3 que 1 de cada 3 pacientes no est\u00e1n satisfechos con la atenci\u00f3n recibida y que el trato recibido fue malo o regular, por las siguientes razones: el tiempo de espera fue muy prolongado, no se les brind\u00f3 informaci\u00f3n adecuada para su atenci\u00f3n, la atenci\u00f3n del m\u00e9dico fue incompleta y r\u00e1pida, el personal de salud no se dej\u00f3 entender con un lenguaje sencillo y hubo medicinas que no estaban a disposici\u00f3n en el establecimiento. A esto se suma las deficiencias en infraestructura, equipamiento t\u00e9cnico, personal y rector\u00eda del MINSA, descritos en el informe 161 de la Defensor\u00eda del Pueblo sobre la supervisi\u00f3n nacional a hospitales en el marco del AUS (2013).<o:p><\/o:p><\/span><\/p>\n<p class=\"MsoNormal\" style=\"margin-bottom: 0.0001pt; text-align: justify; background-image: initial; background-attachment: initial; background-size: initial; background-origin: initial; background-clip: initial; background-position: initial; background-repeat: initial;\"><span lang=\"ES\" style=\"mso-fareast-font-family:\n\"Times New Roman\";mso-bidi-font-family:Helvetica;color:#141823;mso-fareast-language:\nES\">A dos a\u00f1os \u00a0del Informe de la Defensor\u00eda y de las encuestas y la implementaci\u00f3n de la Reforma de Salud en el Per\u00fa, preguntamos a las autoridades del MINSA, ESSALUD y\u00a0 SUSALUD como \u00f3rgano supervisor de hacer respetar y garantizar el Derecho a la Salud:\u00a0<i>\u00bfQue pol\u00edticas han implementado para asegurar la calidad de atenci\u00f3n?<\/i>\u00a0 Recordar el \u00a0d\u00eda nacional del \u201cBuen Trato al paciente\u201d debe ser motivo de dar cuenta a la ciudadan\u00eda, y transparentar los resultados que reflejan un compromiso efectivo con el Derecho inalienable a la Salud de todos los peruanos.<o:p><\/o:p><\/span><\/p>\n<p class=\"MsoNormal\" style=\"margin-bottom: 0.0001pt; text-align: justify; background-image: initial; background-attachment: initial; background-size: initial; background-origin: initial; background-clip: initial; background-position: initial; background-repeat: initial;\"><span lang=\"ES\" style=\"mso-fareast-font-family:\n\"Times New Roman\";mso-bidi-font-family:Helvetica;color:#141823;mso-fareast-language:\nES\">Demandamos que el 13 de Agosto no sea s\u00f3lo un d\u00eda de gestos simb\u00f3licos hacia el paciente, sino de una evaluaci\u00f3n real del trato que reciben y un llamado un\u00edvoco al compromiso del Estado por mejorar sus condiciones de atenci\u00f3n y garantizar el Derecho a la Salud.<o:p><\/o:p><\/span><\/p>\n<p class=\"MsoNormal\" style=\"margin-bottom: 0.0001pt; text-align: justify; background-image: initial; background-attachment: initial; background-size: initial; background-origin: initial; background-clip: initial; background-position: initial; background-repeat: initial;\"><span lang=\"ES\" style=\"mso-fareast-font-family:\n\"Times New Roman\";mso-bidi-font-family:Helvetica;color:#141823;mso-fareast-language:\nES\">Exigimos por ello, hoy, a las autoridades de salud y especialmente a SUSALUD, que se implementen las medidas urgentes y necesarias para asegurar el derecho a la salud y de manera preferencial a los m\u00e1s pobres y vulnerables, que sufren en mayor n\u00famero y medida, maltratos en su atenci\u00f3n.<o:p><\/o:p><\/span><\/p>\n<p class=\"MsoNormal\" style=\"margin-bottom: 0.0001pt; text-align: justify; background-image: initial; background-attachment: initial; background-size: initial; background-origin: initial; background-clip: initial; background-position: initial; background-repeat: initial;\"><span lang=\"ES\" style=\"mso-fareast-font-family:\n\"Times New Roman\";mso-bidi-font-family:Helvetica;color:#141823;mso-fareast-language:\nES\">Hacemos recordar el llamado del Papa Francisco en la Jornada Mundial del Enfermo 2015: La\u00a0<i>\u201cSabidur\u00eda del coraz\u00f3n es salir de s\u00ed hacia el hermano\u201d,\u00a0<\/i>esto es<i>\u00a0\u201cla absoluta prioridad&#8230; como uno de los mandamientos principales que funda toda norma moral\u201d.<\/i><o:p><\/o:p><\/span><\/p>\n<p class=\"MsoNormal\" style=\"margin-bottom: 0.0001pt; text-align: justify; background-image: initial; background-attachment: initial; background-size: initial; background-origin: initial; background-clip: initial; background-position: initial; background-repeat: initial;\"><span lang=\"ES\" style=\"mso-fareast-font-family:\n\"Times New Roman\";mso-bidi-font-family:Helvetica;color:#141823;mso-fareast-language:\nES\">A todos los pacientes que requieren el servicio del cuidado de salud los saludamos en forma especial en este d\u00eda, y renovamos nuestro compromiso de defender la Vida y Dignidad del enfermo y unir esfuerzos con quienes luchan por mejorar sus condiciones.<o:p><\/o:p><\/span><\/p>\n<p class=\"MsoNormal\" style=\"margin-bottom: 0.0001pt; text-align: justify; background-image: initial; background-attachment: initial; background-size: initial; background-origin: initial; background-clip: initial; background-position: initial; background-repeat: initial;\">\u00a0<\/p>\n<p class=\"MsoNormal\" align=\"right\" style=\"margin-bottom: 0.0001pt; text-align: right; background-image: initial; background-attachment: initial; background-size: initial; background-origin: initial; background-clip: initial; background-position: initial; background-repeat: initial;\"><b><span lang=\"ES\" style=\"mso-fareast-font-family:\"Times New Roman\";mso-bidi-font-family:Helvetica;\ncolor:#141823;mso-fareast-language:ES\">Sumak Kawsay<\/span><\/b><span lang=\"ES\" style=\"mso-fareast-font-family:\"Times New Roman\";mso-bidi-font-family:Helvetica;\ncolor:#141823;mso-fareast-language:ES\"><o:p><\/o:p><\/span><\/p>\n<p class=\"MsoNormal\" align=\"right\" style=\"margin-bottom: 0.0001pt; text-align: right; background-image: initial; background-attachment: initial; background-size: initial; background-origin: initial; background-clip: initial; background-position: initial; background-repeat: initial;\">\u00a0<\/p>\n<p><span style=\"color: rgb(20, 24, 35); text-align: right;\">ISDEN\u00a0\u00a0 13-08-2015<\/span>\u00a0<\/p>\n<p><a href=\"http:\/\/web.hilo.org.pe\/wp-content\/uploads\/portada_buena_atencion.jpg\" target=\"_blank\" rel=\"noopener\">Ver archivo adjunto<\/a><\/p>\n","protected":false},"excerpt":{"rendered":"<p>El 13 de agosto se celebra el ?D?a Nacional de la Salud y el Buen trato al Paciente?, establecida en el Per? por la Ley N? 30023, promulgada el 21 de mayo del 2013. En este d?a, desde las organizaciones de la Sociedad Civil organizada, hacemos una reflexi?n sincera sobre la situaci?n de los pacientes, el ejercicio del Derecho a la salud que toda persona posee y de las obligaciones de nuestras autoridades.<\/p>\n","protected":false},"author":1,"featured_media":0,"comment_status":"closed","ping_status":"closed","sticky":false,"template":"","format":"standard","meta":{"footnotes":""},"categories":[9],"tags":[],"class_list":["post-2454","post","type-post","status-publish","format-standard","hentry","category-noticias"],"_links":{"self":[{"href":"https:\/\/ceas.org.pe\/index.php\/wp-json\/wp\/v2\/posts\/2454","targetHints":{"allow":["GET"]}}],"collection":[{"href":"https:\/\/ceas.org.pe\/index.php\/wp-json\/wp\/v2\/posts"}],"about":[{"href":"https:\/\/ceas.org.pe\/index.php\/wp-json\/wp\/v2\/types\/post"}],"author":[{"embeddable":true,"href":"https:\/\/ceas.org.pe\/index.php\/wp-json\/wp\/v2\/users\/1"}],"replies":[{"embeddable":true,"href":"https:\/\/ceas.org.pe\/index.php\/wp-json\/wp\/v2\/comments?post=2454"}],"version-history":[{"count":1,"href":"https:\/\/ceas.org.pe\/index.php\/wp-json\/wp\/v2\/posts\/2454\/revisions"}],"predecessor-version":[{"id":6764,"href":"https:\/\/ceas.org.pe\/index.php\/wp-json\/wp\/v2\/posts\/2454\/revisions\/6764"}],"wp:attachment":[{"href":"https:\/\/ceas.org.pe\/index.php\/wp-json\/wp\/v2\/media?parent=2454"}],"wp:term":[{"taxonomy":"category","embeddable":true,"href":"https:\/\/ceas.org.pe\/index.php\/wp-json\/wp\/v2\/categories?post=2454"},{"taxonomy":"post_tag","embeddable":true,"href":"https:\/\/ceas.org.pe\/index.php\/wp-json\/wp\/v2\/tags?post=2454"}],"curies":[{"name":"wp","href":"https:\/\/api.w.org\/{rel}","templated":true}]}}