{"id":2453,"date":"2015-08-12T18:36:48","date_gmt":"2015-08-12T18:36:48","guid":{"rendered":""},"modified":"2026-03-11T09:12:11","modified_gmt":"2026-03-11T14:12:11","slug":"a-pocas-horas-de-inauguracion-del-x-congreso-nacional-eucarostico-y-mariano-de-piura","status":"publish","type":"post","link":"https:\/\/ceas.org.pe\/index.php\/2015\/08\/12\/a-pocas-horas-de-inauguracion-del-x-congreso-nacional-eucarostico-y-mariano-de-piura\/","title":{"rendered":"A pocas horas de inauguraci\u00f3n del X Congreso Nacional Eucar\u00f3stico y Mariano de Piura"},"content":{"rendered":"<p class=\"MsoNormal\" align=\"center\" style=\"text-align:center\"><b>A POCAS HORAS DE INAUGURACI\u00d3N DEL X CONGRESO NACIONAL EUCARISTICO Y MARIANO DE PIURA<o:p><\/o:p><\/b><\/p>\n<p class=\"MsoNormal\" style=\"text-align:justify\">12 de agosto de 2015 (Oficina de prensa).- Ya todo est\u00e1 listo para la gran inauguraci\u00f3n del X Congreso Nacional Eucar\u00edstico y Mariano que tendr\u00e1 como sede nuestra ciudad, la realizaci\u00f3n de este Congreso coincidir\u00e1 con la clausura del A\u00f1o Jubilar Arquidiocesano 2014 \u2013 2015 que venimos celebrando por los 75 a\u00f1os de la creaci\u00f3n de la Arquidi\u00f3cesis de Piura. Despu\u00e9s de 55 a\u00f1os nuestra Ciudad y la Regi\u00f3n Piura vuelven a ser sede de un evento eclesial de tanta importancia que nos pondr\u00e1 en el centro de todas las miradas y atenciones, tanto nacionales com<a name=\"_GoBack\"><\/a>o internacionales.<\/p>\n<p class=\"MsoNormal\" style=\"text-align:justify\">Desde muy temprano el imponente escenario ubicado en la zona sur del campo deportivo del Estadio Miguel Grau de Piura luce envuelto en impecables telas blancas que dan forma a la magn\u00edfica c\u00fapula que corona la estructura, tras de la cual una imponente cruz se eleva hacia el cielo. Una gran rampa une la explanada con el escenario y permitir\u00e1 el acceso de los cardenales, arzobispos, obispos y sacerdotes al Altar donde se celebrar\u00e1n la Santa Misa cada uno de los d\u00edas del Congreso.<\/p>\n<p class=\"MsoNormal\" style=\"text-align:justify\">Y para que todos y cada uno de los miles que fieles que lleguen al Estadio pueda seguir minuto a minuto lo que sucede en el escenario, han sido instaladas dos pantallas gigantes con la m\u00e1s novedosa tecnolog\u00eda led en las se proyectar\u00e1 cada detalle de lo que transcurra, gracias a la se\u00f1al de televisi\u00f3n en circuito cerrado de \u00faltima generaci\u00f3n con la que se contar\u00e1 en esta ocasi\u00f3n, aquellos que no puedan acceder al estadio podr\u00e1n participar desde el exterior visualizando las im\u00e1genes de la pantalla led que se instalar\u00e1 en las afueras del estadio, el sonido tambi\u00e9n est\u00e1 contemplado para no perderse ning\u00fan detalle. Pero aquellos que no puedan estar presentes durante los d\u00edas del Congreso podr\u00e1n seguir las catequesis y participar espiritualmente de la Santa Misa gracias a las ondas de Radio Mar\u00eda que transmitir\u00e1 en vivo cada una de las actividades del evento para el pa\u00eds y mundo entero.<\/p>\n<p class=\"MsoNormal\" style=\"text-align:justify\">El ensayo general de luces y sonido se realizar\u00e1 esta noche quedando todo listo para el inicio de esta gran fiesta de Fe, que tendr\u00e1 su d\u00eda inaugural ma\u00f1ana jueves 13. Las puertas de Estadio Miguel Grau se abrir\u00e1n a partir de las 3:00 de la tarde, para un ordenado ingreso sugerimos llegar temprano y por temas de seguridad se les recomienda no traer ni\u00f1os menores muy peque\u00f1os, los padres de familia que traigan a sus menores hijos deber\u00e1n estar pendientes de ellos en todo momento, no traer paquetes.<\/p>\n<p class=\"MsoNormal\" style=\"text-align:justify\"><b>Fieles se preparan para el Congreso viviendo una Semana Eucar\u00edstica<o:p><\/o:p><\/b><\/p>\n<p><span style=\"text-align: justify;\">Desde la semana pasada, en toda la Regi\u00f3n, cientos de fieles cat\u00f3licos han participado con gran recogimiento de la \u201cSemana Eucar\u00edstica\u201d que se ha organizado celo y ardor pastoral en las parroquias, colegios, instituciones, as\u00ed como al interior de cada movimiento, hermandad, grupo parroquial y asociaci\u00f3n de fieles de nuestra regi\u00f3n. A lo largo de toda esta \u201cSemana Eucar\u00edstica\u201d, los sacerdotes de la Arquidi\u00f3cesis han ofrecido amplios y generosos horarios de confesi\u00f3n, para que los fieles se hayan podido acercar debidamente preparados a las actividades tanto de la Semana Eucar\u00edstica como a las del X Congreso Nacional Eucar\u00edstico y Mariano de Piura y as\u00ed poder ganar la Indulgencia Plenaria que el Santo Padre nos ha concedido.<\/span>\u00a0<\/p>\n<p><a href=\"http:\/\/web.hilo.org.pe\/wp-content\/uploads\/IMG_9942 web.jpg\" target=\"_blank\" rel=\"noopener\">Ver archivo adjunto<\/a><\/p>\n","protected":false},"excerpt":{"rendered":"<p><span style=\"text-align: justify;\">Ya todo est\u00e1 listo para la gran inauguraci\u00f3n del X Congreso Nacional Eucar\u00edstico y Mariano que tendr\u00e1 como sede nuestra ciudad, la realizaci\u00f3n de este Congreso coincidir\u00e1 con la clausura del A\u00f1o Jubilar Arquidiocesano 2014 \u2013 2015 que venimos celebrando por los 75 a\u00f1os de la creaci\u00f3n de la Arquidi\u00f3cesis de Piura. Despu\u00e9s de 55 a\u00f1os nuestra Ciudad y la Regi\u00f3n Piura vuelven a ser sede de un evento eclesial de tanta importancia que nos pondr\u00e1 en el centro de todas las miradas y atenciones, tanto nacionales com<\/span><a name=\"_GoBack\" style=\"text-align: justify;\"><\/a><span style=\"text-align: justify;\">o internacionales.<\/span>\u00a0<\/p>\n","protected":false},"author":1,"featured_media":7864,"comment_status":"closed","ping_status":"closed","sticky":false,"template":"","format":"standard","meta":{"footnotes":""},"categories":[9],"tags":[],"class_list":["post-2453","post","type-post","status-publish","format-standard","has-post-thumbnail","hentry","category-noticias"],"_links":{"self":[{"href":"https:\/\/ceas.org.pe\/index.php\/wp-json\/wp\/v2\/posts\/2453","targetHints":{"allow":["GET"]}}],"collection":[{"href":"https:\/\/ceas.org.pe\/index.php\/wp-json\/wp\/v2\/posts"}],"about":[{"href":"https:\/\/ceas.org.pe\/index.php\/wp-json\/wp\/v2\/types\/post"}],"author":[{"embeddable":true,"href":"https:\/\/ceas.org.pe\/index.php\/wp-json\/wp\/v2\/users\/1"}],"replies":[{"embeddable":true,"href":"https:\/\/ceas.org.pe\/index.php\/wp-json\/wp\/v2\/comments?post=2453"}],"version-history":[{"count":1,"href":"https:\/\/ceas.org.pe\/index.php\/wp-json\/wp\/v2\/posts\/2453\/revisions"}],"predecessor-version":[{"id":6765,"href":"https:\/\/ceas.org.pe\/index.php\/wp-json\/wp\/v2\/posts\/2453\/revisions\/6765"}],"wp:featuredmedia":[{"embeddable":true,"href":"https:\/\/ceas.org.pe\/index.php\/wp-json\/wp\/v2\/media\/7864"}],"wp:attachment":[{"href":"https:\/\/ceas.org.pe\/index.php\/wp-json\/wp\/v2\/media?parent=2453"}],"wp:term":[{"taxonomy":"category","embeddable":true,"href":"https:\/\/ceas.org.pe\/index.php\/wp-json\/wp\/v2\/categories?post=2453"},{"taxonomy":"post_tag","embeddable":true,"href":"https:\/\/ceas.org.pe\/index.php\/wp-json\/wp\/v2\/tags?post=2453"}],"curies":[{"name":"wp","href":"https:\/\/api.w.org\/{rel}","templated":true}]}}