{"id":2452,"date":"2015-08-12T13:40:55","date_gmt":"2015-08-12T13:40:55","guid":{"rendered":""},"modified":"2026-03-11T09:12:11","modified_gmt":"2026-03-11T14:12:11","slug":"vence-la-indiferencia-y-conquista-la-paz-lema-para-jornada-mundial-de-la-paz-2016","status":"publish","type":"post","link":"https:\/\/ceas.org.pe\/index.php\/2015\/08\/12\/vence-la-indiferencia-y-conquista-la-paz-lema-para-jornada-mundial-de-la-paz-2016\/","title":{"rendered":"\u00abVence la indiferencia y conquista la paz\u00bb: lema para Jornada Mundial de la Paz 2016"},"content":{"rendered":"<p>\u00a0\u201cVence la indiferencia y conquista la paz\u201d, es el tema que eligi\u00f3 el papa Francisco para la 49\u00aa Jornada Mundial de la Paz, que se celebrar\u00e1 el 1 de enero de 2016. En su Mensaje el Pont\u00edfice asegura que la indiferencia en relaci\u00f3n a los flagelos de nuestro tiempo es una de las causas fundamentales que va en desmedro de la paz en el mundo.\u00a0<\/p>\n<div>\u00a0<\/div>\n<div>\u00a0<\/div>\n<div>La paz, se\u00f1ala el Santo Padre, debe ser conquistada: no es un bien que se obtiene sin esfuerzos, sin conversi\u00f3n, sin creatividad y sin dial\u00e9ctica. Se trata de sensibilizar y formar el sentido de responsabilidad respecto a las grav\u00edsimas cuestiones que afligen a la familia humana, como el fundamentalismo y sus masacres, las persecuciones a causa de la fe y de la pertenencia \u00e9tnica, las violaciones de la libertad y de los derechos de los pueblos, el abuso y la esclavitud de las personas, la corrupci\u00f3n y el crimen organizado, las guerras que causan el drama de los refugiados y de los emigrantes forzados.\u00a0<\/div>\n<div>\u00a0<\/div>\n<div>La indiferencia actual es, a menudo, vinculada a diversas formas de individualismo que producen aislamiento, ignorancia y ego\u00edsmo. Esto lleva al desinter\u00e9s. El aumento de las informaciones de por s\u00ed no es sin\u00f3nimo de aumento de atenci\u00f3n a los problemas, si no es acompa\u00f1ado de una apertura de las conciencias en sentido solidario; para obtener tal objetivo es indispensable la contribuci\u00f3n que pueden dar, adem\u00e1s de las familias, los educadores, los formadores, los operadores culturales y de los medios de comunicaci\u00f3n, los intelectuales y los artistas. La indiferencia se puede vencer solamente afrontando juntos este desaf\u00edo.\u00a0<\/div>\n<div>\u00a0<\/div>\n<div>La paz debe ser conquistada: no es un bien que se obtiene sin esfuerzos, sin conversi\u00f3n, sin creatividad y sin dial\u00e9ctica. Se trata de sensibilizar y formar al sentido de responsabilidad respecto a las grav\u00edsimas cuestiones que afligen a la familia humana, como el fundamentalismo y sus masacres, las persecuciones a causa de la fe y de la pertenencia \u00e9tnica, las violaciones de la libertad y de los derechos de los pueblos, el abuso y la esclavitud de las personas, la corrupci\u00f3n y el crimen organizado, las guerras que causan el drama de los refugiados y de los emigrantes forzados.\u00a0<\/div>\n<div>\u00a0<\/div>\n<div>Dicha obra de sensibilizaci\u00f3n y formaci\u00f3n tendr\u00e1 como objetivo dirigirse, al mismo tiempo, tambi\u00e9n a las oportunidades y posibilidades para combatir estos males: la maduraci\u00f3n de una cultura de la legalidad, de la educaci\u00f3n al di\u00e1logo y a la cooperaci\u00f3n que, en este contexto, son formas fundamentales de reacci\u00f3n constructiva.\u00a0<\/div>\n<div>\u00a0<\/div>\n<div>Un campo en el cual se puede construir la paz cotidianamente venciendo la indiferencia es el de las formas de esclavitudes presentes en el mundo, a las que estuvo dedicado el Mensaje para la Jornada Mundial de la Paz de 2015, \u201cNo esclavos sino hermanos\u201d. Es ineludible llevar adelante este empe\u00f1o, con mayor conciencia y colaboraci\u00f3n.\u00a0<\/div>\n<div>\u00a0<\/div>\n<div>La paz es posible all\u00ed donde el derecho de todo ser humano es reconocido y respetado, seg\u00fan la libertad y la justicia. El Mensaje de 2016 pretende ser un punto de partida para que todos los hombres de buena voluntad, y en particular los que operan en la instrucci\u00f3n, en la cultura y en los medios de comunicaci\u00f3n, act\u00faen cada uno de acuerdo a las propias posibilidades y de acuerdo a las mejores aspiraciones para construir juntos un mundo m\u00e1s consciente y misericordioso, y por tanto m\u00e1s libre y justo.\u00a0<\/div>\n<div>\u00a0<\/div>\n<div>La Jornada Mundial de la Paz fue instituida por el papa Pablo VI y se celebra cada a\u00f1o el primero de enero. El Mensaje del Papa se env\u00eda a las Canciller\u00edas de todo el mundo y, tambi\u00e9n, se\u00f1ala la l\u00ednea diplom\u00e1tica de la Santa Sede para el a\u00f1o que inicia.<\/div>\n<div>\u00a0<\/div>\n<div>Fuente: celam.org<\/div>\n<div>\u00a0<\/div>\n<p><a href=\"http:\/\/web.hilo.org.pe\/wp-content\/uploads\/Jornadapaz.jpg\" target=\"_blank\" rel=\"noopener\">Ver archivo adjunto<\/a><\/p>\n","protected":false},"excerpt":{"rendered":"<p>?Vence la indiferencia y conquista la paz?, es el tema que eligi? el papa Francisco para la 49? Jornada Mundial de la Paz, que se celebrar? el 1 de enero de 2016. En su Mensaje el Pont?fice asegura que la indiferencia en relaci?n a los flagelos de nuestro tiempo es una de las causas fundamentales que va en desmedro de la paz en el mundo.<\/p>\n","protected":false},"author":1,"featured_media":7848,"comment_status":"closed","ping_status":"closed","sticky":false,"template":"","format":"standard","meta":{"footnotes":""},"categories":[9],"tags":[],"class_list":["post-2452","post","type-post","status-publish","format-standard","has-post-thumbnail","hentry","category-noticias"],"_links":{"self":[{"href":"https:\/\/ceas.org.pe\/index.php\/wp-json\/wp\/v2\/posts\/2452","targetHints":{"allow":["GET"]}}],"collection":[{"href":"https:\/\/ceas.org.pe\/index.php\/wp-json\/wp\/v2\/posts"}],"about":[{"href":"https:\/\/ceas.org.pe\/index.php\/wp-json\/wp\/v2\/types\/post"}],"author":[{"embeddable":true,"href":"https:\/\/ceas.org.pe\/index.php\/wp-json\/wp\/v2\/users\/1"}],"replies":[{"embeddable":true,"href":"https:\/\/ceas.org.pe\/index.php\/wp-json\/wp\/v2\/comments?post=2452"}],"version-history":[{"count":1,"href":"https:\/\/ceas.org.pe\/index.php\/wp-json\/wp\/v2\/posts\/2452\/revisions"}],"predecessor-version":[{"id":6766,"href":"https:\/\/ceas.org.pe\/index.php\/wp-json\/wp\/v2\/posts\/2452\/revisions\/6766"}],"wp:featuredmedia":[{"embeddable":true,"href":"https:\/\/ceas.org.pe\/index.php\/wp-json\/wp\/v2\/media\/7848"}],"wp:attachment":[{"href":"https:\/\/ceas.org.pe\/index.php\/wp-json\/wp\/v2\/media?parent=2452"}],"wp:term":[{"taxonomy":"category","embeddable":true,"href":"https:\/\/ceas.org.pe\/index.php\/wp-json\/wp\/v2\/categories?post=2452"},{"taxonomy":"post_tag","embeddable":true,"href":"https:\/\/ceas.org.pe\/index.php\/wp-json\/wp\/v2\/tags?post=2452"}],"curies":[{"name":"wp","href":"https:\/\/api.w.org\/{rel}","templated":true}]}}