{"id":2451,"date":"2015-08-12T13:37:57","date_gmt":"2015-08-12T13:37:57","guid":{"rendered":""},"modified":"2026-03-11T09:12:11","modified_gmt":"2026-03-11T14:12:11","slug":"mensaje-por-la-jornada-mundial-del-turismo-2015","status":"publish","type":"post","link":"https:\/\/ceas.org.pe\/index.php\/2015\/08\/12\/mensaje-por-la-jornada-mundial-del-turismo-2015\/","title":{"rendered":"Mensaje por la Jornada Mundial del Turismo 2015"},"content":{"rendered":"<p>\u00a0El Pontificio Consejo para la Pastoral de los Emigrantes e Itinerantes, en ocasi\u00f3n de la Jornada Mundial del Turismo a realizarse el 27 de septiembre de 2015; centrados en las oportunidades y los desaf\u00edos planteados por las recientes estad\u00edsticas, en las cuales se estima que en el 2030 se alcanzar\u00e1 el nuevo objetivo de dos mil millones de turistas en el mundo, en su mensaje, que se hace p\u00fablico a los pocos d\u00edas de la presentaci\u00f3n de la enc\u00edclica Laudato si\u2019 del papa Francisco, dedicada al cuidado de la casa com\u00fan, hacen propio el tema que la Organizaci\u00f3n mundial del Turismo propone: \u201cMil millones de turistas, mil millones de oportunidades\u201d.<\/p>\n<p>Sin duda para poder realizar este lema, es necesario poner en pr\u00e1ctica formas de negocio tur\u00edstico estudiadas con y para las personas, invirtiendo en los individuos y en la sostenibilidad a fin de tambi\u00e9n ofrecer oportunidades laborales desde el respeto a la casa com\u00fan.<\/p>\n<div>Mil millones de oportunidades para el progreso, para el ambiente, especialmente para los pa\u00edses en v\u00edas de desarrollo. Mil millones de oportunidades para construir caminos de paz.\u00a0<\/div>\n<div>El encuentro, el intercambio y el compartir favorecen la armon\u00eda y la concordia. Incrementar el turismo y, en particular, en sus formas m\u00e1s responsables permite encaminarse hacia el futuro firmes en la propia especificidad, historia y cultura.<\/div>\n<div>Mil millones de turistas, si son adecuadamente acogidos, pueden convertirse en una importante fuente de bienestar y de desarrollo sostenible para todo el planeta. La globalizaci\u00f3n del turismo tambi\u00e9n conduce al nacimiento de un sentido c\u00edvico individual y colectivo. El esfuerzo de cada individuo multiplicado por mil millones se convierte en una gran revoluci\u00f3n.<\/div>\n<div>\u00a0<\/div>\n<div>Texto completo del mensaje en varios idiomas<\/div>\n<div>\u00a0<\/div>\n<div>Fuente: Pontificio Consejo para la Pastoral de los Emigrantes e Itinerantes<\/div>\n<div>\u00a0<\/div>\n<div>\u00a0<\/div>\n<div>\n<table style=\"padding: 0px; margin: 0px 0px 4px; border-style: solid; border-color: rgb(192, 192, 192); clear: both; font-size: 11.6999998092651px; font-weight: bold; line-height: 18.7199993133545px; color: rgb(75, 37, 14); font-family: arial, helvetica, sans-serif; background: rgb(250, 243, 228);\">\n<caption style=\"padding: 0px; margin: 4px 0px 0px; font-size: 12.8699998855591px; text-align: left;\">Adjuntos:<\/caption>\n<tbody style=\"padding: 0px; margin: 0px; background: transparent;\">\n<tr class=\"odd\" style=\"padding: 0px; margin: 0px; background: transparent;\">\n<td class=\"at_filename\" style=\"padding: 1px 3px; margin: 0px; color: rgb(136, 119, 119); background: none 0px 0px repeat scroll rgb(219, 211, 193);\"><a class=\"at_icon\" href=\"http:\/\/migranteshoy.celam.org\/component\/attachments\/download\/86.html\" title=\"Descargar este archivo (DMT 2015 POR.pdf)\" style=\"padding: 0px 4px 0px 0px; margin: 0px; text-decoration: none; color: rgb(81, 14, 31);\"><img decoding=\"async\" src=\"http:\/\/migranteshoy.celam.org\/media\/com_attachments\/images\/file_icons\/pdf.gif\" alt=\"Descargar este archivo (DMT 2015 POR.pdf)\" style=\"padding: 0px; margin: 0px; border: 0px; vertical-align: text-bottom;\" \/><\/a><a class=\"at_url\" href=\"http:\/\/migranteshoy.celam.org\/component\/attachments\/download\/86.html\" title=\"Descargar este archivo (DMT 2015 POR.pdf)\" style=\"padding: 0px; margin: 0px; text-decoration: none; color: rgb(81, 14, 31); background: none transparent;\">Mensaje en Portugu\u00e9s.<\/a><\/td>\n<td class=\"at_description\" style=\"padding: 1px 3px; margin: 0px; color: rgb(136, 119, 119); background: none 0px 0px repeat scroll rgb(219, 211, 193);\">[\u00a0]<\/td>\n<td class=\"at_file_size\" style=\"padding: 1px 3px; margin: 0px; color: rgb(136, 119, 119); text-align: right; background: none 0px 0px repeat scroll rgb(219, 211, 193);\">392 kB<\/td>\n<\/tr>\n<tr class=\"even\" style=\"padding: 0px; margin: 0px; background: rgb(238, 238, 238);\">\n<td class=\"at_filename\" style=\"padding: 1px 3px; margin: 0px; color: rgb(136, 119, 119); background-image: initial; background-attachment: initial; background-size: initial; background-origin: initial; background-clip: initial; background-position: initial; background-repeat: initial;\"><a class=\"at_icon\" href=\"http:\/\/migranteshoy.celam.org\/component\/attachments\/download\/87.html\" title=\"Descargar este archivo (GMT 2015 ITA.pdf)\" style=\"padding: 0px 4px 0px 0px; margin: 0px; text-decoration: none; color: rgb(81, 14, 31);\"><img decoding=\"async\" src=\"http:\/\/migranteshoy.celam.org\/media\/com_attachments\/images\/file_icons\/pdf.gif\" alt=\"Descargar este archivo (GMT 2015 ITA.pdf)\" style=\"padding: 0px; margin: 0px; border: 0px; vertical-align: text-bottom;\" \/><\/a><a class=\"at_url\" href=\"http:\/\/migranteshoy.celam.org\/component\/attachments\/download\/87.html\" title=\"Descargar este archivo (GMT 2015 ITA.pdf)\" style=\"padding: 0px; margin: 0px; text-decoration: none; color: rgb(81, 14, 31); background: none transparent;\">Mensaje en Italiano<\/a><\/td>\n<td class=\"at_description\" style=\"padding: 1px 3px; margin: 0px; color: rgb(136, 119, 119); background-image: initial; background-attachment: initial; background-size: initial; background-origin: initial; background-clip: initial; background-position: initial; background-repeat: initial;\">[\u00a0]<\/td>\n<td class=\"at_file_size\" style=\"padding: 1px 3px; margin: 0px; color: rgb(136, 119, 119); text-align: right; background-image: initial; background-attachment: initial; background-size: initial; background-origin: initial; background-clip: initial; background-position: initial; background-repeat: initial;\">370 kB<\/td>\n<\/tr>\n<tr class=\"odd\" style=\"padding: 0px; margin: 0px; background: transparent;\">\n<td class=\"at_filename\" style=\"padding: 1px 3px; margin: 0px; color: rgb(136, 119, 119); background: none 0px 0px repeat scroll rgb(219, 211, 193);\"><a class=\"at_icon\" href=\"http:\/\/migranteshoy.celam.org\/component\/attachments\/download\/88.html\" title=\"Descargar este archivo (JMT 2015 ESP.pdf)\" style=\"padding: 0px 4px 0px 0px; margin: 0px; text-decoration: none; color: rgb(81, 14, 31);\"><img decoding=\"async\" src=\"http:\/\/migranteshoy.celam.org\/media\/com_attachments\/images\/file_icons\/pdf.gif\" alt=\"Descargar este archivo (JMT 2015 ESP.pdf)\" style=\"padding: 0px; margin: 0px; border: 0px; vertical-align: text-bottom;\" \/><\/a><a class=\"at_url\" href=\"http:\/\/migranteshoy.celam.org\/component\/attachments\/download\/88.html\" title=\"Descargar este archivo (JMT 2015 ESP.pdf)\" style=\"padding: 0px; margin: 0px; text-decoration: none; color: rgb(81, 14, 31); background: none transparent;\">Mensaje en Espa\u00f1ol<\/a><\/td>\n<td class=\"at_description\" style=\"padding: 1px 3px; margin: 0px; color: rgb(136, 119, 119); background: none 0px 0px repeat scroll rgb(219, 211, 193);\">[\u00a0]<\/td>\n<td class=\"at_file_size\" style=\"padding: 1px 3px; margin: 0px; color: rgb(136, 119, 119); text-align: right; background: none 0px 0px repeat scroll rgb(219, 211, 193);\">376 kB<\/td>\n<\/tr>\n<tr class=\"even\" style=\"padding: 0px; margin: 0px; background: rgb(238, 238, 238);\">\n<td class=\"at_filename\" style=\"padding: 1px 3px; margin: 0px; color: rgb(136, 119, 119); background-image: initial; background-attachment: initial; background-size: initial; background-origin: initial; background-clip: initial; background-position: initial; background-repeat: initial;\"><a class=\"at_icon\" href=\"http:\/\/migranteshoy.celam.org\/component\/attachments\/download\/89.html\" title=\"Descargar este archivo (JMT 2015 FRA.pdf)\" style=\"padding: 0px 4px 0px 0px; margin: 0px; text-decoration: none; color: rgb(81, 14, 31);\"><img decoding=\"async\" src=\"http:\/\/migranteshoy.celam.org\/media\/com_attachments\/images\/file_icons\/pdf.gif\" alt=\"Descargar este archivo (JMT 2015 FRA.pdf)\" style=\"padding: 0px; margin: 0px; border: 0px; vertical-align: text-bottom;\" \/><\/a><a class=\"at_url\" href=\"http:\/\/migranteshoy.celam.org\/component\/attachments\/download\/89.html\" title=\"Descargar este archivo (JMT 2015 FRA.pdf)\" style=\"padding: 0px; margin: 0px; text-decoration: none; color: rgb(81, 14, 31); background: none transparent;\">Mensaje en Franc\u00e9s<\/a><\/td>\n<td class=\"at_description\" style=\"padding: 1px 3px; margin: 0px; color: rgb(136, 119, 119); background-image: initial; background-attachment: initial; background-size: initial; background-origin: initial; background-clip: initial; background-position: initial; background-repeat: initial;\">[\u00a0]<\/td>\n<td class=\"at_file_size\" style=\"padding: 1px 3px; margin: 0px; color: rgb(136, 119, 119); text-align: right; background-image: initial; background-attachment: initial; background-size: initial; background-origin: initial; background-clip: initial; background-position: initial; background-repeat: initial;\">383 kB<\/td>\n<\/tr>\n<tr class=\"odd\" style=\"padding: 0px; margin: 0px; background: transparent;\">\n<td class=\"at_filename\" style=\"padding: 1px 3px; margin: 0px; color: rgb(136, 119, 119); background: none 0px 0px repeat scroll rgb(219, 211, 193);\"><a class=\"at_icon\" href=\"http:\/\/migranteshoy.celam.org\/component\/attachments\/download\/90.html\" title=\"Descargar este archivo (WT 2015 DEU.pdf)\" style=\"padding: 0px 4px 0px 0px; margin: 0px; text-decoration: none; color: rgb(81, 14, 31);\"><img decoding=\"async\" src=\"http:\/\/migranteshoy.celam.org\/media\/com_attachments\/images\/file_icons\/pdf.gif\" alt=\"Descargar este archivo (WT 2015 DEU.pdf)\" style=\"padding: 0px; margin: 0px; border: 0px; vertical-align: text-bottom;\" \/><\/a><a class=\"at_url\" href=\"http:\/\/migranteshoy.celam.org\/component\/attachments\/download\/90.html\" title=\"Descargar este archivo (WT 2015 DEU.pdf)\" style=\"padding: 0px; margin: 0px; text-decoration: none; color: rgb(81, 14, 31); background: none transparent;\">Mensaje en Alem\u00e1n<\/a><\/td>\n<td class=\"at_description\" style=\"padding: 1px 3px; margin: 0px; color: rgb(136, 119, 119); background: none 0px 0px repeat scroll rgb(219, 211, 193);\">[\u00a0]<\/td>\n<td class=\"at_file_size\" style=\"padding: 1px 3px; margin: 0px; color: rgb(136, 119, 119); text-align: right; background: none 0px 0px repeat scroll rgb(219, 211, 193);\">392 kB<\/td>\n<\/tr>\n<tr class=\"even\" style=\"padding: 0px; margin: 0px; background: rgb(238, 238, 238);\">\n<td class=\"at_filename\" style=\"padding: 1px 3px; margin: 0px; color: rgb(136, 119, 119); background-image: initial; background-attachment: initial; background-size: initial; background-origin: initial; background-clip: initial; background-position: initial; background-repeat: initial;\"><a class=\"at_icon\" href=\"http:\/\/migranteshoy.celam.org\/component\/attachments\/download\/91.html\" title=\"Descargar este archivo (WTD 2015 ENG.pdf)\" style=\"padding: 0px 4px 0px 0px; margin: 0px; text-decoration: none; color: rgb(81, 14, 31);\"><img decoding=\"async\" src=\"http:\/\/migranteshoy.celam.org\/media\/com_attachments\/images\/file_icons\/pdf.gif\" alt=\"Descargar este archivo (WTD 2015 ENG.pdf)\" style=\"padding: 0px; margin: 0px; border: 0px; vertical-align: text-bottom;\" \/><\/a><a class=\"at_url\" href=\"http:\/\/migranteshoy.celam.org\/component\/attachments\/download\/91.html\" title=\"Descargar este archivo (WTD 2015 ENG.pdf)\" style=\"padding: 0px; margin: 0px; text-decoration: none; color: rgb(81, 14, 31); background: none transparent;\">Mensaje en Ingl\u00e9s<\/a><\/td>\n<td class=\"at_description\" style=\"padding: 1px 3px; margin: 0px; color: rgb(136, 119, 119); background-image: initial; background-attachment: initial; background-size: initial; background-origin: initial; background-clip: initial; background-position: initial; background-repeat: initial;\">[\u00a0]<\/td>\n<td class=\"at_file_size\" style=\"padding: 1px 3px; margin: 0px; color: rgb(136, 119, 119); text-align: right; background-image: initial; background-attachment: initial; background-size: initial; background-origin: initial; background-clip: initial; background-position: initial; background-repeat: initial;\">323 kB<\/td>\n<\/tr>\n<\/tbody>\n<\/table>\n<\/div>\n<p><a href=\"http:\/\/web.hilo.org.pe\/wp-content\/uploads\/Jornadamundialturismo.jpg\" target=\"_blank\" rel=\"noopener\">Ver archivo adjunto<\/a><\/p>\n","protected":false},"excerpt":{"rendered":"<p>El Pontificio Consejo para la Pastoral de los Emigrantes e Itinerantes, en ocasi\u00f3n de la Jornada Mundial del Turismo a realizarse el 27 de septiembre de 2015<\/p>\n","protected":false},"author":1,"featured_media":7973,"comment_status":"closed","ping_status":"closed","sticky":false,"template":"","format":"standard","meta":{"footnotes":""},"categories":[9],"tags":[],"class_list":["post-2451","post","type-post","status-publish","format-standard","has-post-thumbnail","hentry","category-noticias"],"_links":{"self":[{"href":"https:\/\/ceas.org.pe\/index.php\/wp-json\/wp\/v2\/posts\/2451","targetHints":{"allow":["GET"]}}],"collection":[{"href":"https:\/\/ceas.org.pe\/index.php\/wp-json\/wp\/v2\/posts"}],"about":[{"href":"https:\/\/ceas.org.pe\/index.php\/wp-json\/wp\/v2\/types\/post"}],"author":[{"embeddable":true,"href":"https:\/\/ceas.org.pe\/index.php\/wp-json\/wp\/v2\/users\/1"}],"replies":[{"embeddable":true,"href":"https:\/\/ceas.org.pe\/index.php\/wp-json\/wp\/v2\/comments?post=2451"}],"version-history":[{"count":1,"href":"https:\/\/ceas.org.pe\/index.php\/wp-json\/wp\/v2\/posts\/2451\/revisions"}],"predecessor-version":[{"id":6767,"href":"https:\/\/ceas.org.pe\/index.php\/wp-json\/wp\/v2\/posts\/2451\/revisions\/6767"}],"wp:featuredmedia":[{"embeddable":true,"href":"https:\/\/ceas.org.pe\/index.php\/wp-json\/wp\/v2\/media\/7973"}],"wp:attachment":[{"href":"https:\/\/ceas.org.pe\/index.php\/wp-json\/wp\/v2\/media?parent=2451"}],"wp:term":[{"taxonomy":"category","embeddable":true,"href":"https:\/\/ceas.org.pe\/index.php\/wp-json\/wp\/v2\/categories?post=2451"},{"taxonomy":"post_tag","embeddable":true,"href":"https:\/\/ceas.org.pe\/index.php\/wp-json\/wp\/v2\/tags?post=2451"}],"curies":[{"name":"wp","href":"https:\/\/api.w.org\/{rel}","templated":true}]}}