{"id":2442,"date":"2015-08-06T10:22:37","date_gmt":"2015-08-06T10:22:37","guid":{"rendered":""},"modified":"2026-03-11T09:12:11","modified_gmt":"2026-03-11T14:12:11","slug":"el-papa-le-pide-ser-misioneros-a-los-monaguillos","status":"publish","type":"post","link":"https:\/\/ceas.org.pe\/index.php\/2015\/08\/06\/el-papa-le-pide-ser-misioneros-a-los-monaguillos\/","title":{"rendered":"El Papa le pide ser misioneros a los monaguillos"},"content":{"rendered":"<p>(RV).- \u00abExperimenten en la Eucarist\u00eda y en los dem\u00e1s sacramentos la cercania de Jes\u00fas\u00bb, lo dijo el Papa Francisco la tarde de este martes, al encontrar a los m\u00e1s de nueve mil ni\u00f1os y adolescentes que participan en la IX Peregrinaci\u00f3n Internacional de Ac\u00f3litos y Monaguillos \u2013 Roma 2015.<\/p>\n<div>\u00a0<\/div>\n<div>El evento, organizado por el Coetus Internationalis Ministrantium (CIM), congreg\u00f3 a Ac\u00f3litos y Monaguillos provenientes de diversos pa\u00edses de Europa y que se re\u00fanen bajo el lema inpirado en el pasaje del Libro del profeta Isaias: \u201c\u00a1Aqu\u00ed estoy: env\u00edame!\u201d. La Audiencia con el Santo Padre fue precedido por un momento de fiesta y testimonios de aquellos que ya han recorrido el camino del servicio al altar. Pero sobre todo, de oraci\u00f3n que culmin\u00f3 con la llegada del Pont\u00edfice para el rezo de las visperas.<\/div>\n<div>\u00a0<\/div>\n<div>En su homilia, el Obispo de Roma resalt\u00f3 la importancia de estar cerca a Jesus en la Eucaristia y esto lleva a los que sirven en el altar a una apertura hacia los demas. \u201cEs importante ver que la proximidad y la familiaridad con Jes\u00fas en la Eucarist\u00eda sirviendo el altar se convierte tambi\u00e9n en una oportunidad para abrirse a los dem\u00e1s, para caminar juntos, para marcarse metas comprometidas y encontrar la fuerza para alcanzarlas\u201d. Es fuente de verdadera alegr\u00eda reconocerse peque\u00f1o y d\u00e9bil, afirmo el Papa, pero saber que, con la ayuda de Jes\u00fas, podemos ser revestidos de fuerza y emprender un gran viaje en la vida a su lado.<\/div>\n<div>\u00a0<\/div>\n<div>Recordando algunos aspectos de la vida del profeta Isaias, el Sucesor de Pedro se\u00f1al\u00f3 que Dios llam\u00e0 a este joven para convertirse \u201cen un instrumento de la presencia y de la misericordia divina. Isa\u00edas \u2013 afirma el Pont\u00edfice \u2013 descubre que, poni\u00e9ndose confiadamente en manos del Se\u00f1or, toda su vida se transformar\u00e1\u201d. Isa\u00edas descubre con asombro que Dios es quien da el primer paso, el primero en acercarse; se da cuenta de que la acci\u00f3n divina no se ve obstaculizada por sus imperfecciones, transform\u00e1ndole en una persona totalmente nueva y, por tanto, capaz de responder a su llamada y decir: \u00abAqu\u00ed estoy, m\u00e1ndame\u00bb (Is 6,8).<\/div>\n<div>\u00a0<\/div>\n<div>\u201cNo encontrar\u00e1n a Jes\u00fas en un inalcanzable trono alto y elevado, afirmo el Santo Padre, sino en el pan y el vino eucar\u00edsticos, y su palabra no hace vibrar las paredes, sino las fibras del coraz\u00f3n\u201d. Como Isa\u00edas, tambi\u00e9n ustedes, dijo el Papa, tienen la experiencia de que la iniciativa es siempre de Dios, porque es \u00e9l quien los ha creado y querido. Es \u00e9l quien, en el bautismo, los ha hecho criaturas nuevas, y es siempre \u00e9l quien espera pacientemente la respuesta a su iniciativa y el que ofrece el perd\u00f3n a todo el que se lo pida con humildad\u201d.<\/div>\n<div>\u00a0<\/div>\n<div>Por ello, dijo el Obispo de Roma, \u201cestamos llamados m\u00e1s bien a compartir la alegr\u00eda de reconocerse elegidos y salvados por la misericordia de Dios, a ser testigos de que la fe es capaz de dar un nuevo rumbo a nuestros pasos, que ella nos hace libres y fuertes para estar disponibles y aptos para la misi\u00f3n. Ustedes, queridos monaguillos, agreg\u00f3 el Pont\u00edfice, cuanto m\u00e1s cerca esten del altar, tanto m\u00e1s se recordaran de dialogar con Jes\u00fas en la oraci\u00f3n cotidiana, m\u00e1s se alimentaran de la Palabra y del Cuerpo del Se\u00f1or y seran m\u00e1s capaces de ir hacia el pr\u00f3jimo llev\u00e1ndole el don que han recibido, d\u00e1ndole a su vez con entusiasmo la alegr\u00eda que se les ha dado\u201d.<\/div>\n<div>\u00a0<\/div>\n<div>(Renato Martinez \u2013 RV)<\/div>\n<div>\u00a0<\/div>\n<div>Fuente: news.va<\/div>\n<p><a href=\"http:\/\/web.hilo.org.pe\/wp-content\/uploads\/Dialogarconjesus.jpg\" target=\"_blank\" rel=\"noopener\">Ver archivo adjunto<\/a><\/p>\n","protected":false},"excerpt":{"rendered":"<p>\u00a0(RV).- \u00abExperimenten en la Eucarist\u00eda y en los dem\u00e1s sacramentos la cercania de Jes\u00fas\u00bb, lo dijo el Papa Francisco la tarde de este martes, al encontrar a los m\u00e1s de nueve mil ni\u00f1os y adolescentes que participan en la IX Peregrinaci\u00f3n Internacional de Ac\u00f3litos y Monaguillos \u2013 Roma 2015.<\/p>\n<div>\u00a0<\/div>\n","protected":false},"author":1,"featured_media":7874,"comment_status":"closed","ping_status":"closed","sticky":false,"template":"","format":"standard","meta":{"footnotes":""},"categories":[9],"tags":[],"class_list":["post-2442","post","type-post","status-publish","format-standard","has-post-thumbnail","hentry","category-noticias"],"_links":{"self":[{"href":"https:\/\/ceas.org.pe\/index.php\/wp-json\/wp\/v2\/posts\/2442","targetHints":{"allow":["GET"]}}],"collection":[{"href":"https:\/\/ceas.org.pe\/index.php\/wp-json\/wp\/v2\/posts"}],"about":[{"href":"https:\/\/ceas.org.pe\/index.php\/wp-json\/wp\/v2\/types\/post"}],"author":[{"embeddable":true,"href":"https:\/\/ceas.org.pe\/index.php\/wp-json\/wp\/v2\/users\/1"}],"replies":[{"embeddable":true,"href":"https:\/\/ceas.org.pe\/index.php\/wp-json\/wp\/v2\/comments?post=2442"}],"version-history":[{"count":1,"href":"https:\/\/ceas.org.pe\/index.php\/wp-json\/wp\/v2\/posts\/2442\/revisions"}],"predecessor-version":[{"id":6776,"href":"https:\/\/ceas.org.pe\/index.php\/wp-json\/wp\/v2\/posts\/2442\/revisions\/6776"}],"wp:featuredmedia":[{"embeddable":true,"href":"https:\/\/ceas.org.pe\/index.php\/wp-json\/wp\/v2\/media\/7874"}],"wp:attachment":[{"href":"https:\/\/ceas.org.pe\/index.php\/wp-json\/wp\/v2\/media?parent=2442"}],"wp:term":[{"taxonomy":"category","embeddable":true,"href":"https:\/\/ceas.org.pe\/index.php\/wp-json\/wp\/v2\/categories?post=2442"},{"taxonomy":"post_tag","embeddable":true,"href":"https:\/\/ceas.org.pe\/index.php\/wp-json\/wp\/v2\/tags?post=2442"}],"curies":[{"name":"wp","href":"https:\/\/api.w.org\/{rel}","templated":true}]}}