{"id":2441,"date":"2015-08-06T10:19:23","date_gmt":"2015-08-06T10:19:23","guid":{"rendered":""},"modified":"2026-03-11T09:12:11","modified_gmt":"2026-03-11T14:12:11","slug":"coritas-abancay-realizo-evaluacion-institucional-del-primer-semestre","status":"publish","type":"post","link":"https:\/\/ceas.org.pe\/index.php\/2015\/08\/06\/coritas-abancay-realizo-evaluacion-institucional-del-primer-semestre\/","title":{"rendered":"C\u00f3ritas Abancay realiz\u00f3 evaluaci\u00f3n institucional del primer semestre"},"content":{"rendered":"<p>Los d\u00edas 30 y 31 de julio del presente a\u00f1o el personal de C\u00e1ritas Abancay hizo un alto de sus labores para realizar la Evaluaci\u00f3n institucional con el objetivo de conocer los avances, logros , dificultades y lecciones aprendidas de las diferentes actividades programadas y ejecutadas de las Gerencias, Unidades y Proyectos de la instituci\u00f3n .<\/p>\n<p>Es importante resaltar la participaci\u00f3n plena de todo el personal en este proceso de evaluaci\u00f3n, socializando aspectos positivos de innovaci\u00f3n y lecciones aprendidas en el desarrollo de los proyectos que permitir\u00e1 una mejor intervenci\u00f3n a futuro en beneficio de las familias m\u00e1s vulnerables..<\/p>\n<div>Este evento concluy\u00f3 con las palabras del Ing. David Castillo Secretario General de C\u00e1ritas Abancay quien resalt\u00f3 la labor desinteresada desplegada por el personal administrativo y equipo t\u00e9cnico de proyectos durante el primer semestre del a\u00f1o.<\/div>\n<div>\u00a0<\/div>\n<div><a href=\"https:\/\/www.facebook.com\/media\/set\/?set=a.722795264518851.1073741866.106131419518575&#038;type=3\" target=\"_blank\"><strong>Ver fotos<\/strong><\/a><\/div>\n<div>\u00a0<\/div>\n<div>Fuente: caritas<\/div>\n<p><a href=\"http:\/\/web.hilo.org.pe\/wp-content\/uploads\/caritas.jpg\" target=\"_blank\" rel=\"noopener\">Ver archivo adjunto<\/a><\/p>\n","protected":false},"excerpt":{"rendered":"<p>Los d\u00edas 30 y 31 de julio del presente a\u00f1o el personal de C\u00e1ritas Abancay hizo un alto de sus labores para realizar la Evaluaci\u00f3n institucional con el objetivo de conocer los avances, logros , dificultades y lecciones aprendidas de las diferentes actividades programadas y ejecutadas de las Gerencias, Unidades y Proyectos de la instituci\u00f3n .\u00a0<\/p>\n","protected":false},"author":1,"featured_media":0,"comment_status":"closed","ping_status":"closed","sticky":false,"template":"","format":"standard","meta":{"footnotes":""},"categories":[9],"tags":[],"class_list":["post-2441","post","type-post","status-publish","format-standard","hentry","category-noticias"],"_links":{"self":[{"href":"https:\/\/ceas.org.pe\/index.php\/wp-json\/wp\/v2\/posts\/2441","targetHints":{"allow":["GET"]}}],"collection":[{"href":"https:\/\/ceas.org.pe\/index.php\/wp-json\/wp\/v2\/posts"}],"about":[{"href":"https:\/\/ceas.org.pe\/index.php\/wp-json\/wp\/v2\/types\/post"}],"author":[{"embeddable":true,"href":"https:\/\/ceas.org.pe\/index.php\/wp-json\/wp\/v2\/users\/1"}],"replies":[{"embeddable":true,"href":"https:\/\/ceas.org.pe\/index.php\/wp-json\/wp\/v2\/comments?post=2441"}],"version-history":[{"count":1,"href":"https:\/\/ceas.org.pe\/index.php\/wp-json\/wp\/v2\/posts\/2441\/revisions"}],"predecessor-version":[{"id":6777,"href":"https:\/\/ceas.org.pe\/index.php\/wp-json\/wp\/v2\/posts\/2441\/revisions\/6777"}],"wp:attachment":[{"href":"https:\/\/ceas.org.pe\/index.php\/wp-json\/wp\/v2\/media?parent=2441"}],"wp:term":[{"taxonomy":"category","embeddable":true,"href":"https:\/\/ceas.org.pe\/index.php\/wp-json\/wp\/v2\/categories?post=2441"},{"taxonomy":"post_tag","embeddable":true,"href":"https:\/\/ceas.org.pe\/index.php\/wp-json\/wp\/v2\/tags?post=2441"}],"curies":[{"name":"wp","href":"https:\/\/api.w.org\/{rel}","templated":true}]}}