{"id":2437,"date":"2015-08-03T13:01:13","date_gmt":"2015-08-03T13:01:13","guid":{"rendered":""},"modified":"2026-03-11T09:12:11","modified_gmt":"2026-03-11T14:12:11","slug":"intenciones-de-oracion-del-papa-para-el-mes-de-agosto-2","status":"publish","type":"post","link":"https:\/\/ceas.org.pe\/index.php\/2015\/08\/03\/intenciones-de-oracion-del-papa-para-el-mes-de-agosto-2\/","title":{"rendered":"Intenciones de oraci\u00f3n del Papa para el mes de agosto"},"content":{"rendered":"<p>Ciudad del Vaticano (Vis).-La intenci\u00f3n universal del apostolado de la oraci\u00f3n del Santo Padre para el mes de agosto es: Para que quienes colaboran en el campo del voluntariado se entreguen con generosidad al servicio de los necesitados.<\/p>\n<p>Su intenci\u00f3n evangelizadora es: Para que, saliendo de nosotros mismos, sepamos hacernos pr\u00f3jimos de quienes se encuentran en las periferias de las relaciones humanas y sociales.<\/p>\n<p>Fuente: news.va<\/p>\n<p><a href=\"http:\/\/web.hilo.org.pe\/wp-content\/uploads\/intenciones.jpg\" target=\"_blank\" rel=\"noopener\">Ver archivo adjunto<\/a><\/p>\n","protected":false},"excerpt":{"rendered":"<p>Ciudad del Vaticano (Vis).-La intenci\u00f3n universal del apostolado de la oraci\u00f3n del Santo Padre para el mes de agosto es: Para que quienes colaboran en el campo del voluntariado se entreguen con generosidad al servicio de los necesitados.<\/p>\n","protected":false},"author":1,"featured_media":7881,"comment_status":"closed","ping_status":"closed","sticky":false,"template":"","format":"standard","meta":{"footnotes":""},"categories":[9],"tags":[],"class_list":["post-2437","post","type-post","status-publish","format-standard","has-post-thumbnail","hentry","category-noticias"],"_links":{"self":[{"href":"https:\/\/ceas.org.pe\/index.php\/wp-json\/wp\/v2\/posts\/2437","targetHints":{"allow":["GET"]}}],"collection":[{"href":"https:\/\/ceas.org.pe\/index.php\/wp-json\/wp\/v2\/posts"}],"about":[{"href":"https:\/\/ceas.org.pe\/index.php\/wp-json\/wp\/v2\/types\/post"}],"author":[{"embeddable":true,"href":"https:\/\/ceas.org.pe\/index.php\/wp-json\/wp\/v2\/users\/1"}],"replies":[{"embeddable":true,"href":"https:\/\/ceas.org.pe\/index.php\/wp-json\/wp\/v2\/comments?post=2437"}],"version-history":[{"count":1,"href":"https:\/\/ceas.org.pe\/index.php\/wp-json\/wp\/v2\/posts\/2437\/revisions"}],"predecessor-version":[{"id":6780,"href":"https:\/\/ceas.org.pe\/index.php\/wp-json\/wp\/v2\/posts\/2437\/revisions\/6780"}],"wp:featuredmedia":[{"embeddable":true,"href":"https:\/\/ceas.org.pe\/index.php\/wp-json\/wp\/v2\/media\/7881"}],"wp:attachment":[{"href":"https:\/\/ceas.org.pe\/index.php\/wp-json\/wp\/v2\/media?parent=2437"}],"wp:term":[{"taxonomy":"category","embeddable":true,"href":"https:\/\/ceas.org.pe\/index.php\/wp-json\/wp\/v2\/categories?post=2437"},{"taxonomy":"post_tag","embeddable":true,"href":"https:\/\/ceas.org.pe\/index.php\/wp-json\/wp\/v2\/tags?post=2437"}],"curies":[{"name":"wp","href":"https:\/\/api.w.org\/{rel}","templated":true}]}}