{"id":2436,"date":"2015-08-03T12:51:50","date_gmt":"2015-08-03T12:51:50","guid":{"rendered":""},"modified":"2026-03-11T09:12:11","modified_gmt":"2026-03-11T14:12:11","slug":"arequipa-sacerdotes-analizaron-encoclica-laudato-si","status":"publish","type":"post","link":"https:\/\/ceas.org.pe\/index.php\/2015\/08\/03\/arequipa-sacerdotes-analizaron-encoclica-laudato-si\/","title":{"rendered":"Arequipa: sacerdotes analizar\u00f3n enc\u00f3clica Laudato Si"},"content":{"rendered":"<div>Del 3 al 7 de agosto, los sacerdotes de la Arquidi\u00f3cesis de Arequipa, participar\u00e1n en el Curso Anual de Formaci\u00f3n Permanente, que se desarrollar\u00e1 en el Seminario Arquidiocesano San Jer\u00f3nimo, y contar\u00e1 con la presencia del Lic. Marco Antonio Gracia Tri\u00f1aque (M\u00e9xico) miembro del Consejo de Bio\u00e9tica de la Conferencia Episcopal Mexicana y de la Asociaci\u00f3n Panamericana de Bio\u00e9tica.<\/div>\n<div>\u00a0<\/div>\n<div>El tema a tratar, ser\u00e1 la Enc\u00edclica \u201cLaudato Si\u201d publicada por el Papa Francisco, en la que el Santo Padre hace referencia al cuidado de la casa com\u00fan, la grandeza y belleza de toda la creaci\u00f3n y hace un llamado a la conversi\u00f3n ecol\u00f3gica. El Arzobispo de Arequipa, Monse\u00f1or Javier Del R\u00edo Alba, tambi\u00e9n asistir\u00e1 al curso de formaci\u00f3n y compartir\u00e1 con los sacerdotes algunas reflexiones. (Fuente: CEP)<\/div>\n<p><a href=\"http:\/\/web.hilo.org.pe\/wp-content\/uploads\/Enciclica.jpg\" target=\"_blank\" rel=\"noopener\">Ver archivo adjunto<\/a><\/p>\n","protected":false},"excerpt":{"rendered":"<p>Del 3 al 7 de agosto, los sacerdotes de la Arquidi?cesis de Arequipa, participar?n en el Curso Anual de Formaci?n Permanente, que se desarrollar? en el Seminario Arquidiocesano San Jer?nimo, y contar? con la presencia del Lic. Marco Antonio Gracia Tri?aque (M?xico) miembro del Consejo de Bio?tica de la Conferencia Episcopal Mexicana y de la Asociaci?n Panamericana de Bio?tica.<\/p>\n","protected":false},"author":1,"featured_media":7972,"comment_status":"closed","ping_status":"closed","sticky":false,"template":"","format":"standard","meta":{"footnotes":""},"categories":[9],"tags":[],"class_list":["post-2436","post","type-post","status-publish","format-standard","has-post-thumbnail","hentry","category-noticias"],"_links":{"self":[{"href":"https:\/\/ceas.org.pe\/index.php\/wp-json\/wp\/v2\/posts\/2436","targetHints":{"allow":["GET"]}}],"collection":[{"href":"https:\/\/ceas.org.pe\/index.php\/wp-json\/wp\/v2\/posts"}],"about":[{"href":"https:\/\/ceas.org.pe\/index.php\/wp-json\/wp\/v2\/types\/post"}],"author":[{"embeddable":true,"href":"https:\/\/ceas.org.pe\/index.php\/wp-json\/wp\/v2\/users\/1"}],"replies":[{"embeddable":true,"href":"https:\/\/ceas.org.pe\/index.php\/wp-json\/wp\/v2\/comments?post=2436"}],"version-history":[{"count":1,"href":"https:\/\/ceas.org.pe\/index.php\/wp-json\/wp\/v2\/posts\/2436\/revisions"}],"predecessor-version":[{"id":6782,"href":"https:\/\/ceas.org.pe\/index.php\/wp-json\/wp\/v2\/posts\/2436\/revisions\/6782"}],"wp:featuredmedia":[{"embeddable":true,"href":"https:\/\/ceas.org.pe\/index.php\/wp-json\/wp\/v2\/media\/7972"}],"wp:attachment":[{"href":"https:\/\/ceas.org.pe\/index.php\/wp-json\/wp\/v2\/media?parent=2436"}],"wp:term":[{"taxonomy":"category","embeddable":true,"href":"https:\/\/ceas.org.pe\/index.php\/wp-json\/wp\/v2\/categories?post=2436"},{"taxonomy":"post_tag","embeddable":true,"href":"https:\/\/ceas.org.pe\/index.php\/wp-json\/wp\/v2\/tags?post=2436"}],"curies":[{"name":"wp","href":"https:\/\/api.w.org\/{rel}","templated":true}]}}