{"id":2432,"date":"2015-07-30T11:31:20","date_gmt":"2015-07-30T11:31:20","guid":{"rendered":""},"modified":"2026-03-11T09:12:11","modified_gmt":"2026-03-11T14:12:11","slug":"pero-y-brasil-lucharon-para-erradicar-el-trabajo-infantil-en-sus-fronteras-comunes","status":"publish","type":"post","link":"https:\/\/ceas.org.pe\/index.php\/2015\/07\/30\/pero-y-brasil-lucharon-para-erradicar-el-trabajo-infantil-en-sus-fronteras-comunes\/","title":{"rendered":"Per\u00f3 y Brasil luchar\u00f3n para erradicar el trabajo infantil en sus fronteras comunes"},"content":{"rendered":"<p>El ministro de Trabajo y Promoci\u00f3n del Empleo, Daniel Maurate, inform\u00f3 que el 8 de agosto se realizar\u00e1 en Iquitos (Loreto) un Festival Binacional Per\u00fa-Brasil, con la finalidad de sensibilizar a la poblaci\u00f3n de esa regi\u00f3n sobre la problem\u00e1tica del trabajo infantil y promover su erradicaci\u00f3n.<\/p>\n<div>\u00a0<\/div>\n<div>Precis\u00f3 que dicho festival es parte de una estrategia de trabajo conjunto entre ambos pa\u00edses y se da en el marco de los compromisos asumidos durante una reuni\u00f3n con el ministro de Trabajo y Empleo de Brasil, Manoel Dias, realizada en la 104 Conferencia Internacional del Trabajo de la Organizaci\u00f3n Internacional del Trabajo (OIT) en Ginebra (Suiza).<\/div>\n<div>\u00a0<\/div>\n<div>Se\u00f1al\u00f3 que Brasil es un pa\u00eds que ha progresado en t\u00e9rminos de legislaci\u00f3n y ha tenido avances significativos en su marco normativo en la lucha contra el trabajo infantil.<\/div>\n<div>\u00a0<\/div>\n<div>\u201cHemos coordinado conjuntamente entre las autoridades de Brasil y de nuestro pa\u00eds para realizar un evento de alcance p\u00fablico en una de las zonas en desarrollo del Per\u00fa, como es la ciudad de Iquitos\u201d, dijo.<\/div>\n<div>\u00a0<\/div>\n<div>Asimismo, inform\u00f3 que durante el festival, Per\u00fa y Brasil firmar\u00e1n un Memorando de Entendimiento para luchar contra el trabajo infantil en Loreto y Madre de Dios, y a su vez, Brasil tomar\u00e1 acciones contra esta problem\u00e1tica en sus zonas de frontera con el Per\u00fa.<\/div>\n<div>\u00a0<\/div>\n<div>De igual forma, se suscribir\u00e1 un acta de compromisos, mediante el cual dichas entidades involucradas, contribuir\u00e1n en la prevenci\u00f3n y erradicaci\u00f3n del trabajo infantil.<\/div>\n<div>\u00a0<\/div>\n<div>Las entidades p\u00fablicas y privadas, nacionales y extranjeras que participen en el festival, contar\u00e1n con stands donde dar\u00e1n a conocer las acciones que vienen realizando en la regi\u00f3n Loreto en torno a esta problem\u00e1tica social.<\/div>\n<div>\u00a0<\/div>\n<div>Fuente: gestion.pe<\/div>\n<p><a href=\"http:\/\/web.hilo.org.pe\/wp-content\/uploads\/erraficartrabajoinfantil.jpg\" target=\"_blank\" rel=\"noopener\">Ver archivo adjunto<\/a><\/p>\n","protected":false},"excerpt":{"rendered":"<p>El ministro de Trabajo y Promoci?n del Empleo, Daniel Maurate, inform? que el 8 de agosto se realizar? en Iquitos (Loreto) un Festival Binacional Per?-Brasil, con la finalidad de sensibilizar a la poblaci?n de esa regi?n sobre la problem?tica del trabajo infantil y promover su erradicaci?n.<\/p>\n","protected":false},"author":1,"featured_media":8073,"comment_status":"closed","ping_status":"closed","sticky":false,"template":"","format":"standard","meta":{"footnotes":""},"categories":[9],"tags":[],"class_list":["post-2432","post","type-post","status-publish","format-standard","has-post-thumbnail","hentry","category-noticias"],"_links":{"self":[{"href":"https:\/\/ceas.org.pe\/index.php\/wp-json\/wp\/v2\/posts\/2432","targetHints":{"allow":["GET"]}}],"collection":[{"href":"https:\/\/ceas.org.pe\/index.php\/wp-json\/wp\/v2\/posts"}],"about":[{"href":"https:\/\/ceas.org.pe\/index.php\/wp-json\/wp\/v2\/types\/post"}],"author":[{"embeddable":true,"href":"https:\/\/ceas.org.pe\/index.php\/wp-json\/wp\/v2\/users\/1"}],"replies":[{"embeddable":true,"href":"https:\/\/ceas.org.pe\/index.php\/wp-json\/wp\/v2\/comments?post=2432"}],"version-history":[{"count":1,"href":"https:\/\/ceas.org.pe\/index.php\/wp-json\/wp\/v2\/posts\/2432\/revisions"}],"predecessor-version":[{"id":6786,"href":"https:\/\/ceas.org.pe\/index.php\/wp-json\/wp\/v2\/posts\/2432\/revisions\/6786"}],"wp:featuredmedia":[{"embeddable":true,"href":"https:\/\/ceas.org.pe\/index.php\/wp-json\/wp\/v2\/media\/8073"}],"wp:attachment":[{"href":"https:\/\/ceas.org.pe\/index.php\/wp-json\/wp\/v2\/media?parent=2432"}],"wp:term":[{"taxonomy":"category","embeddable":true,"href":"https:\/\/ceas.org.pe\/index.php\/wp-json\/wp\/v2\/categories?post=2432"},{"taxonomy":"post_tag","embeddable":true,"href":"https:\/\/ceas.org.pe\/index.php\/wp-json\/wp\/v2\/tags?post=2432"}],"curies":[{"name":"wp","href":"https:\/\/api.w.org\/{rel}","templated":true}]}}