{"id":2429,"date":"2015-07-27T10:56:11","date_gmt":"2015-07-27T10:56:11","guid":{"rendered":""},"modified":"2026-03-11T09:12:11","modified_gmt":"2026-03-11T14:12:11","slug":"obispos-del-pero-publica-carta-con-motivo-de-fiestas-patrias","status":"publish","type":"post","link":"https:\/\/ceas.org.pe\/index.php\/2015\/07\/27\/obispos-del-pero-publica-carta-con-motivo-de-fiestas-patrias\/","title":{"rendered":"Obispos del Per\u00f3 publica carta con motivo de fiestas patrias"},"content":{"rendered":"<p>\u00a0Carta al Per\u00fa \u00a0<\/p>\n<div>\u00a0<\/div>\n<div>\u00a1El Per\u00fa es un regalo de Dios con gran futuro! \u00a0<\/div>\n<div>\u00a0<\/div>\n<div>En este 194\u00b0 aniversario del nacimiento de nuestra Rep\u00fablica nos dirigimos a todos los peruanos con un mensaje de esperanza que supere las diferencias de todo orden, asuma nuestro pasado glorioso, resalte aquellos elementos presentes en nuestra realidad y encamine a la construcci\u00f3n de un Per\u00fa m\u00e1s justo, fraterno y solidario.<\/div>\n<div>\u00a0<\/div>\n<div>1. \u00a0\u00a1El Per\u00fa es un regalo de Dios con gran futuro! En la Costa, Sierra y Selva reconocemos la naturaleza como un espl\u00e9ndido libro en el que Dios nos habla de su hermosura, riqueza y bondad. Quienes admiramos nuestra tierra podemos elevar el pensamiento hacia Dios, autor de tanta generosidad. Como afirma el Papa Francisco: \u00abEl mundo es algo m\u00e1s que un problema a resolver, es un misterio gozoso que contemplamos con jubilosa alabanza\u00bb ( Laudato si12).<\/div>\n<div>\u00a0<\/div>\n<div>2. \u00a0Para el Per\u00fa se abre un futuro prometedor que lamentablemente se empa\u00f1a por falta de consenso y unidad, porque si quedan de lado los aut\u00e9nticos y reales intereses de la naci\u00f3n, proyectaremos una imagen \u00e9tica y moral negativa. En este contexto, podemos preguntarnos \u00bfqu\u00e9 sucede con la clase pol\u00edtica que deja tanta insatisfacci\u00f3n en la comunidad peruana? Se debe gobernar con humildad y amor al pueblo, ya que la pol\u00edtica es una de las formas m\u00e1s altas de caridad al servicio del bien com\u00fan.<\/div>\n<div>\u00a0<\/div>\n<div>3. \u00a0Valoremos que en la vida misma del hombre est\u00e1 la ra\u00edz de toda esperanza. Para todo peruano, dicha esperanza debe fundarse en la lucha diaria, en el trabajo, en el ingenio, en la honradez, en la solidaridad, en la cordialidad, en la fe y en el amor fraterno.<\/div>\n<div>\u00a0<\/div>\n<div>4. \u00a0La celebraci\u00f3n de las Fiestas Patrias es una oportunidad para renovar nuestro amor a la tierra que nos vio nacer. Es un tiempo muy adecuado para unirnos, identificarnos y abrir m\u00faltiples posibilidades de mutua colaboraci\u00f3n, superando cualquier tipo de dificultades. Nos hace falta volver a sentir que nos necesitamos unos a otros, que tenemos una responsabilidad por los dem\u00e1s y por el mundo y que vale la pena ser responsables, honestos, justos, generosos y buenos.<\/div>\n<div>\u00a0<\/div>\n<div>5. \u00a0Hoy los nuevos retos son numerosos. Las nuevas formas de pensamiento, el desarrollo tecnol\u00f3gico, la seguridad ciudadana, la conciencia ecol\u00f3gica nos invitan a abrir nuestra mente y nuestro coraz\u00f3n para asumir estas nuevas realidades, teniendo como centro y fin la persona humana, que debe ser protegida, respetada, valorada y promovida por la sociedad.<\/div>\n<div>\u00a0<\/div>\n<div>6. \u00a0Saludamos a la familia peruana, c\u00e9lula fundamental de nuestra patria y referente permanente de los valores que alberga nuestro pa\u00eds, cuya realidad debe ser promovida y protegida siempre por el Estado. En este sentido, nuestra sociedad debe ser fruto de los valores que hemos recibido en nuestra familia como don precioso de Dios; valores que hemos de conservar y promover no s\u00f3lo con acciones individuales sino tambi\u00e9n en la propia experiencia social. La fe nos hace pr\u00f3jimos, nos hace pr\u00f3ximos a la vida de los dem\u00e1s y constituye a los peruanos en mejores personas, mejores ciudadanos y hombres de bien.<\/div>\n<div>\u00a0<\/div>\n<div>7. \u00a0En estas Fiestas Patrias, cantemos con convicci\u00f3n una vez m\u00e1s nuestro himno \u00abSomos libres, se\u00e1moslo siempre\u00bb . Pero caigamos en la cuenta de que es nuestro deber erradicar los grandes enemigos de la libertad: la violencia, la corrupci\u00f3n, la pobreza, la desigualdad social y la ignorancia, entre otros. El don de la libertad es un gran regalo de Dios que, iluminada por la fe y por la Palabra divina, nos ayuda a vivir de manera consciente, responsable y solidaria.<\/div>\n<div>\u00a0<\/div>\n<div>Felices Fiestas Patrias<\/div>\n<div>\u00a0<\/div>\n<div>\u00a0<\/div>\n<div>Consejo Permanente\u00a0<\/div>\n<div>Conferencia Episcopal Peruana<\/div>\n<p>\u00a0<\/p>\n<p><a href=\"http:\/\/web.hilo.org.pe\/wp-content\/uploads\/conferenciaepiscopal.jpg\" target=\"_blank\" rel=\"noopener\">Ver archivo adjunto<\/a><\/p>\n","protected":false},"excerpt":{"rendered":"<p>Los Obispos del Consejo Permanente de la Conferencia Episcopal Peruana emitieron una Carta al Per\u00fa, con motivo del 194 aniversario de la Independencia de nuestro pa\u00eds. A continuaci\u00f3n entregamos el documento completo:<\/p>\n<div>\u00a0<\/div>\n","protected":false},"author":1,"featured_media":7854,"comment_status":"closed","ping_status":"closed","sticky":false,"template":"","format":"standard","meta":{"footnotes":""},"categories":[9],"tags":[],"class_list":["post-2429","post","type-post","status-publish","format-standard","has-post-thumbnail","hentry","category-noticias"],"_links":{"self":[{"href":"https:\/\/ceas.org.pe\/index.php\/wp-json\/wp\/v2\/posts\/2429","targetHints":{"allow":["GET"]}}],"collection":[{"href":"https:\/\/ceas.org.pe\/index.php\/wp-json\/wp\/v2\/posts"}],"about":[{"href":"https:\/\/ceas.org.pe\/index.php\/wp-json\/wp\/v2\/types\/post"}],"author":[{"embeddable":true,"href":"https:\/\/ceas.org.pe\/index.php\/wp-json\/wp\/v2\/users\/1"}],"replies":[{"embeddable":true,"href":"https:\/\/ceas.org.pe\/index.php\/wp-json\/wp\/v2\/comments?post=2429"}],"version-history":[{"count":1,"href":"https:\/\/ceas.org.pe\/index.php\/wp-json\/wp\/v2\/posts\/2429\/revisions"}],"predecessor-version":[{"id":6789,"href":"https:\/\/ceas.org.pe\/index.php\/wp-json\/wp\/v2\/posts\/2429\/revisions\/6789"}],"wp:featuredmedia":[{"embeddable":true,"href":"https:\/\/ceas.org.pe\/index.php\/wp-json\/wp\/v2\/media\/7854"}],"wp:attachment":[{"href":"https:\/\/ceas.org.pe\/index.php\/wp-json\/wp\/v2\/media?parent=2429"}],"wp:term":[{"taxonomy":"category","embeddable":true,"href":"https:\/\/ceas.org.pe\/index.php\/wp-json\/wp\/v2\/categories?post=2429"},{"taxonomy":"post_tag","embeddable":true,"href":"https:\/\/ceas.org.pe\/index.php\/wp-json\/wp\/v2\/tags?post=2429"}],"curies":[{"name":"wp","href":"https:\/\/api.w.org\/{rel}","templated":true}]}}